{"id":105200,"date":"2012-12-23T00:12:24","date_gmt":"2012-12-23T00:12:24","guid":{"rendered":"http:\/\/www.fuldaer-nachrichten.de\/?p=105200"},"modified":"2012-12-23T10:00:15","modified_gmt":"2012-12-23T10:00:15","slug":"musikverein-biebertal-spielte-auf-einladung-von-pfarrer-rudolf-zeller-in-der-rasdorfer-stiftskirche","status":"publish","type":"post","link":"https:\/\/www.fuldaernachrichten.de\/?p=105200","title":{"rendered":"Musikverein Biebertal spielte auf Einladung von Pfarrer Rudolf Zeller in der Rasdorfer Stiftskirche"},"content":{"rendered":"<p><img decoding=\"async\" class=\"alignleft size-thumbnail wp-image-105202\" title=\"012-Stiftski-Advent-Biebertaler-161212-wim\" src=\"http:\/\/www.fuldaer-nachrichten.de\/wp-content\/uploads\/2012\/12\/012-Stiftski-Advent-Biebertaler-161212-wim-265x175.jpg\" alt=\"\" width=\"265\" height=\"175\" srcset=\"https:\/\/www.fuldaernachrichten.de\/wp-content\/uploads\/2012\/12\/012-Stiftski-Advent-Biebertaler-161212-wim-265x175.jpg 265w, https:\/\/www.fuldaernachrichten.de\/wp-content\/uploads\/2012\/12\/012-Stiftski-Advent-Biebertaler-161212-wim.jpg 592w\" sizes=\"(max-width: 265px) 100vw, 265px\" \/>Rasdorf. Ein herausragendes Adventskonzert mit stehenden Applaus und drei Zugaben bot der Musikverein Biebertal, Hofbieber. Zum wiederholten Mal gastierten die Musikerinnen und Musiker auf Einladung von Pfarrer Rudolf Zeller in der Stiftskirche Rasdorf. Die 35 Aktiven unter der Stabf\u00fchrung von Hubert Abel nutzten einf\u00fchlsam die Klangqualit\u00e4t des Kirchenraumes, der bis auf den letzten Platz mit Zuh\u00f6rern gef\u00fcllt war. \u201eAdeste fidelis, Bist du bei mir\u201c \u2013 eigentlich ein Beerdigungslied \u2013 und \u201eAbide with me\u201c bildeten den ersten Block. Von der Ausdrucksst\u00e4rke und sauberen Intonation von \u201eHalleluja\u201c\u00c2\u00a0 und dem schwungvoll mitrei\u00dfend dargebotenen \u201eNussknacker Marsch\u201c waren die Zuh\u00f6rerinnen und Zuh\u00f6rer so begeistert, dass der Musikverein beide nochmals als zweite und dritte Zugabe spielen mussten. <!--more--><\/p>\n<p>Nach \u201eChristmas Calypso\u201c und \u201eDrei N\u00fcsse f\u00fcr Aschenbr\u00f6del\u201c bestand durch ausgeteilte Text die M\u00f6glichkeit bei \u201eZu Bethlehem geboren; S\u00fc\u00dfer die Glocken nie klingen und Leise rieselt der Schnee\u201c mitzusingen. Der letzten Block mit \u201eSchlittenfahrt in den Alpen, Auld Lang Syne und It\u00c2\u00b4s beginning to look like Christmas\u201c und die erste Zugabe \u201eWe wish you a merry Christmas\u201c \u00c2\u00a0lie\u00df nicht nur den adventlich\u00c2\u00a0 &#8211; weihnachtlichen Charakter h\u00f6r- und sp\u00fcrbar werden, sondern zeigte auch die Vielfalt der Arbeit des Dirigenten und die gro\u00dfe Leistungsf\u00e4higkeit der jungen Musikerinnen und Musiker, die zum ersten Mal bei einem Konzert des Musikvereins Biebertal auftraten und in diesem Jahr das bronzene Abzeichen erworben hatte.<\/p>\n<p>Abgerundet wurde die Auff\u00fchrung, die ein wirkliches vorweihnachtliches Geschenk war, durch Jasmin Pfeffermann, die mit ihren verbindenden Worten, Versen und Erkl\u00e4rungen selbstsicher und gekonnt auf die einzelnen Beitr\u00e4ge einstimmte sowie ein Weihnachtsgedicht, dass mit verteilten Rollen gesprochen wurde. Die Vorsitzenden des Musikvereins Biebertal Christof M\u00fcglich und Michael Weber, die sich f\u00fcr den herzlichen und langen Applaus bedankten, luden zu einem weiteren Konzert am 22 Dezember um 19 Uhr in die Kirche nach Hofbieber ein. (Fotos &amp; Text: Winfried M\u00f6ller)<\/p>\n\n\t\t<style>\n\t\t\t#gallery-1 {\n\t\t\t\tmargin: auto;\n\t\t\t}\n\t\t\t#gallery-1 .gallery-item {\n\t\t\t\tfloat: left;\n\t\t\t\tmargin-top: 10px;\n\t\t\t\ttext-align: center;\n\t\t\t\twidth: 50%;\n\t\t\t}\n\t\t\t#gallery-1 img {\n\t\t\t\tborder: 2px solid #cfcfcf;\n\t\t\t}\n\t\t\t#gallery-1 .gallery-caption {\n\t\t\t\tmargin-left: 0;\n\t\t\t}\n\t\t\t\/* see gallery_shortcode() in wp-includes\/media.php *\/\n\t\t<\/style>\n\t\t<div id='gallery-1' class='gallery galleryid-105200 gallery-columns-2 gallery-size-thumbnail'><dl class='gallery-item'>\n\t\t\t<dt class='gallery-icon landscape'>\n\t\t\t\t<a href='https:\/\/www.fuldaernachrichten.de\/wp-content\/uploads\/2012\/12\/002-Stiftski-Advent-Biebertaler-161212-wim.jpg'><img decoding=\"async\" width=\"150\" height=\"99\" src=\"https:\/\/www.fuldaernachrichten.de\/wp-content\/uploads\/2012\/12\/002-Stiftski-Advent-Biebertaler-161212-wim-265x175.jpg\" class=\"attachment-thumbnail size-thumbnail\" alt=\"\" srcset=\"https:\/\/www.fuldaernachrichten.de\/wp-content\/uploads\/2012\/12\/002-Stiftski-Advent-Biebertaler-161212-wim-265x175.jpg 265w, https:\/\/www.fuldaernachrichten.de\/wp-content\/uploads\/2012\/12\/002-Stiftski-Advent-Biebertaler-161212-wim.jpg 592w\" sizes=\"(max-width: 150px) 100vw, 150px\" \/><\/a>\n\t\t\t<\/dt><\/dl><dl class='gallery-item'>\n\t\t\t<dt class='gallery-icon landscape'>\n\t\t\t\t<a href='https:\/\/www.fuldaernachrichten.de\/wp-content\/uploads\/2012\/12\/012-Stiftski-Advent-Biebertaler-161212-wim.jpg'><img decoding=\"async\" width=\"150\" height=\"99\" src=\"https:\/\/www.fuldaernachrichten.de\/wp-content\/uploads\/2012\/12\/012-Stiftski-Advent-Biebertaler-161212-wim-265x175.jpg\" class=\"attachment-thumbnail size-thumbnail\" alt=\"\" srcset=\"https:\/\/www.fuldaernachrichten.de\/wp-content\/uploads\/2012\/12\/012-Stiftski-Advent-Biebertaler-161212-wim-265x175.jpg 265w, https:\/\/www.fuldaernachrichten.de\/wp-content\/uploads\/2012\/12\/012-Stiftski-Advent-Biebertaler-161212-wim.jpg 592w\" sizes=\"(max-width: 150px) 100vw, 150px\" \/><\/a>\n\t\t\t<\/dt><\/dl><br style=\"clear: both\" \/><dl class='gallery-item'>\n\t\t\t<dt class='gallery-icon landscape'>\n\t\t\t\t<a href='https:\/\/www.fuldaernachrichten.de\/wp-content\/uploads\/2012\/12\/017-Stiftski-Advent-Biebertaler-161212-wim.jpg'><img loading=\"lazy\" decoding=\"async\" width=\"150\" height=\"99\" src=\"https:\/\/www.fuldaernachrichten.de\/wp-content\/uploads\/2012\/12\/017-Stiftski-Advent-Biebertaler-161212-wim-265x175.jpg\" class=\"attachment-thumbnail size-thumbnail\" alt=\"\" srcset=\"https:\/\/www.fuldaernachrichten.de\/wp-content\/uploads\/2012\/12\/017-Stiftski-Advent-Biebertaler-161212-wim-265x175.jpg 265w, https:\/\/www.fuldaernachrichten.de\/wp-content\/uploads\/2012\/12\/017-Stiftski-Advent-Biebertaler-161212-wim.jpg 592w\" sizes=\"(max-width: 150px) 100vw, 150px\" \/><\/a>\n\t\t\t<\/dt><\/dl><dl class='gallery-item'>\n\t\t\t<dt class='gallery-icon landscape'>\n\t\t\t\t<a href='https:\/\/www.fuldaernachrichten.de\/wp-content\/uploads\/2012\/12\/023-Stiftski-Advent-Biebertaler-161212-wim.jpg'><img loading=\"lazy\" decoding=\"async\" width=\"150\" height=\"99\" src=\"https:\/\/www.fuldaernachrichten.de\/wp-content\/uploads\/2012\/12\/023-Stiftski-Advent-Biebertaler-161212-wim-265x175.jpg\" class=\"attachment-thumbnail size-thumbnail\" alt=\"\" srcset=\"https:\/\/www.fuldaernachrichten.de\/wp-content\/uploads\/2012\/12\/023-Stiftski-Advent-Biebertaler-161212-wim-265x175.jpg 265w, https:\/\/www.fuldaernachrichten.de\/wp-content\/uploads\/2012\/12\/023-Stiftski-Advent-Biebertaler-161212-wim.jpg 592w\" sizes=\"(max-width: 150px) 100vw, 150px\" \/><\/a>\n\t\t\t<\/dt><\/dl><br style=\"clear: both\" \/><dl class='gallery-item'>\n\t\t\t<dt class='gallery-icon landscape'>\n\t\t\t\t<a href='https:\/\/www.fuldaernachrichten.de\/wp-content\/uploads\/2012\/12\/026-Stiftski-Advent-Biebertaler-161212-wim.jpg'><img loading=\"lazy\" decoding=\"async\" width=\"150\" height=\"99\" src=\"https:\/\/www.fuldaernachrichten.de\/wp-content\/uploads\/2012\/12\/026-Stiftski-Advent-Biebertaler-161212-wim-265x175.jpg\" class=\"attachment-thumbnail size-thumbnail\" alt=\"\" srcset=\"https:\/\/www.fuldaernachrichten.de\/wp-content\/uploads\/2012\/12\/026-Stiftski-Advent-Biebertaler-161212-wim-265x175.jpg 265w, https:\/\/www.fuldaernachrichten.de\/wp-content\/uploads\/2012\/12\/026-Stiftski-Advent-Biebertaler-161212-wim.jpg 592w\" sizes=\"(max-width: 150px) 100vw, 150px\" \/><\/a>\n\t\t\t<\/dt><\/dl><dl class='gallery-item'>\n\t\t\t<dt class='gallery-icon landscape'>\n\t\t\t\t<a href='https:\/\/www.fuldaernachrichten.de\/wp-content\/uploads\/2012\/12\/040-Stiftski-Advent-Biebertaler-161212-wim.jpg'><img loading=\"lazy\" decoding=\"async\" width=\"150\" height=\"99\" src=\"https:\/\/www.fuldaernachrichten.de\/wp-content\/uploads\/2012\/12\/040-Stiftski-Advent-Biebertaler-161212-wim-265x175.jpg\" class=\"attachment-thumbnail size-thumbnail\" alt=\"\" srcset=\"https:\/\/www.fuldaernachrichten.de\/wp-content\/uploads\/2012\/12\/040-Stiftski-Advent-Biebertaler-161212-wim-265x175.jpg 265w, https:\/\/www.fuldaernachrichten.de\/wp-content\/uploads\/2012\/12\/040-Stiftski-Advent-Biebertaler-161212-wim.jpg 592w\" sizes=\"(max-width: 150px) 100vw, 150px\" \/><\/a>\n\t\t\t<\/dt><\/dl><br style=\"clear: both\" \/>\n\t\t<\/div>\n\n<p>&nbsp;<\/p>\n<p>&nbsp;<\/p>\n","protected":false},"excerpt":{"rendered":"<div class=\"tmnf_excerpt\"><p>Rasdorf. Ein herausragendes Adventskonzert mit stehenden Applaus und drei Zugaben bot der Musikverein Biebertal, Hofbieber. Zum wiederholten Mal gastierten die Musikerinnen und Musiker auf Einladung von Pfarrer Rudolf Zeller in der Stiftskirche Rasdorf. Die 35 Aktiven unter der Stabf\u00fchrung von Hubert Abel nutzten einf\u00fchlsam die Klangqualit\u00e4t des Kirchenraumes, der bis auf den letzten Platz mit &hellip;<\/p>\n<\/div>","protected":false},"author":1,"featured_media":0,"comment_status":"closed","ping_status":"closed","sticky":false,"template":"","format":"standard","meta":{"footnotes":""},"categories":[1,44],"tags":[],"class_list":["post-105200","post","type-post","status-publish","format-standard","hentry","category-startseite","category-kultur"],"_links":{"self":[{"href":"https:\/\/www.fuldaernachrichten.de\/index.php?rest_route=\/wp\/v2\/posts\/105200","targetHints":{"allow":["GET"]}}],"collection":[{"href":"https:\/\/www.fuldaernachrichten.de\/index.php?rest_route=\/wp\/v2\/posts"}],"about":[{"href":"https:\/\/www.fuldaernachrichten.de\/index.php?rest_route=\/wp\/v2\/types\/post"}],"author":[{"embeddable":true,"href":"https:\/\/www.fuldaernachrichten.de\/index.php?rest_route=\/wp\/v2\/users\/1"}],"replies":[{"embeddable":true,"href":"https:\/\/www.fuldaernachrichten.de\/index.php?rest_route=%2Fwp%2Fv2%2Fcomments&post=105200"}],"version-history":[{"count":0,"href":"https:\/\/www.fuldaernachrichten.de\/index.php?rest_route=\/wp\/v2\/posts\/105200\/revisions"}],"wp:attachment":[{"href":"https:\/\/www.fuldaernachrichten.de\/index.php?rest_route=%2Fwp%2Fv2%2Fmedia&parent=105200"}],"wp:term":[{"taxonomy":"category","embeddable":true,"href":"https:\/\/www.fuldaernachrichten.de\/index.php?rest_route=%2Fwp%2Fv2%2Fcategories&post=105200"},{"taxonomy":"post_tag","embeddable":true,"href":"https:\/\/www.fuldaernachrichten.de\/index.php?rest_route=%2Fwp%2Fv2%2Ftags&post=105200"}],"curies":[{"name":"wp","href":"https:\/\/api.w.org\/{rel}","templated":true}]}}