{"id":105198,"date":"2012-12-23T00:11:16","date_gmt":"2012-12-23T00:11:16","guid":{"rendered":"http:\/\/www.fuldaer-nachrichten.de\/?p=105198"},"modified":"2012-12-23T09:57:08","modified_gmt":"2012-12-23T09:57:08","slug":"neue-broschure-qualifikation-im-ehrenamt-erschienen-erstmals-alle-angebote-fur-landkreis-und-stadt-fulda-in-einem-heft","status":"publish","type":"post","link":"https:\/\/www.fuldaernachrichten.de\/?p=105198","title":{"rendered":"Neue Brosch\u00fcre \u201eQualifikation im Ehrenamt\u201c erschienen &#8211; Erstmals alle Angebote f\u00fcr Landkreis und Stadt Fulda in einem Heft"},"content":{"rendered":"<p><img fetchpriority=\"high\" decoding=\"async\" class=\"alignleft size-thumbnail wp-image-105199\" title=\"576-juleicaheft2013cover\" src=\"http:\/\/www.fuldaer-nachrichten.de\/wp-content\/uploads\/2012\/12\/576-juleicaheft2013cover-265x377.jpg\" alt=\"\" width=\"265\" height=\"377\" srcset=\"https:\/\/www.fuldaernachrichten.de\/wp-content\/uploads\/2012\/12\/576-juleicaheft2013cover-265x377.jpg 265w, https:\/\/www.fuldaernachrichten.de\/wp-content\/uploads\/2012\/12\/576-juleicaheft2013cover.jpg 399w\" sizes=\"(max-width: 265px) 100vw, 265px\" \/>Fulda. Sie betreuen Kinder und Jugendliche bei Ferienfreizeiten, besuchen Senioren zu Hause, bieten Seelsorge am Telefon, stehen in Notlagen bereit, begleiten Sterbende und engagieren sich in anderen sozialen Bereichen. Die vielen ehrenamtlichen Helferinnen und Helfer sind in der heutigen Zeit nicht mehr wegzudenken und stellen eine gro\u00dfe Bereicherung f\u00fcr das Zusammenleben in der Gesellschaft dar.<\/p>\n<p>Um sie in ihrem Engagement zu unterst\u00fctzen, bieten der Landkreis und die Stadt Fulda gemeinsam mit vielen Kooperationspartnern im kommenden Jahr ein noch umfangreicheres Programm f\u00fcr die Qualifikation im Ehrenamt an. In einer Brosch\u00fcre sind die Angebote zusammengefasst. Interessenten erhalten diese beim B\u00fcrgerb\u00fcro der Stadt Fulda, im Landratsamt, in den Stadt- und Gemeindeverwaltungen sowie zum Download auf den Internetseiten von Landkreis und Stadt Fulda.<\/p>\n<p>Im ersten Teil der Brosch\u00fcre finden sich allgemeine Informationen zum Ehrenamt wie beispielsweise zur Ehrenamtssuchmaschine und zur Ehrenamts-Card sowie die eigentlichen Seminarangebote. Der zweite Teil gibt Auskunft \u00fcber die Ausbildung zum\/zur Jugendleiter\/in und bietet in unterschiedlichen Themenbereichen Aus- und Fortbildungsangebote zum Erwerb der Jugendleitercard (Juleica) an.<\/p>\n<p>Zudem sind alle Verg\u00fcnstigungen, die man mit der Ehrenamtscard oder der Jugendleitercard bekommen kann, aufgef\u00fchrt. Dieses Jahr neu dabei sind unter anderem die Kinderakademie, die Ski- und Rodelarena Wasserkuppe sowie die Gedenkst\u00e4tte Point Alpha. Firmen und Institutionen, die ebenfalls Verg\u00fcnstigungen f\u00fcr Ehrenamtliche anbieten m\u00f6chten, melden sich beim Treffpunkt Aktiv des Landkreises Fulda, Telefon (0661)6006-499, oder unter <a href=\"mailto:treffpunkt-aktiv@landkreis-fulda.de\">treffpunkt-aktiv@landkreis-fulda.de<\/a>.<\/p>\n","protected":false},"excerpt":{"rendered":"<div class=\"tmnf_excerpt\"><p>Fulda. Sie betreuen Kinder und Jugendliche bei Ferienfreizeiten, besuchen Senioren zu Hause, bieten Seelsorge am Telefon, stehen in Notlagen bereit, begleiten Sterbende und engagieren sich in anderen sozialen Bereichen. Die vielen ehrenamtlichen Helferinnen und Helfer sind in der heutigen Zeit nicht mehr wegzudenken und stellen eine gro\u00dfe Bereicherung f\u00fcr das Zusammenleben in der Gesellschaft dar. &hellip;<\/p>\n<\/div>","protected":false},"author":1,"featured_media":0,"comment_status":"closed","ping_status":"closed","sticky":false,"template":"","format":"standard","meta":{"footnotes":""},"categories":[1],"tags":[],"class_list":["post-105198","post","type-post","status-publish","format-standard","hentry","category-startseite"],"_links":{"self":[{"href":"https:\/\/www.fuldaernachrichten.de\/index.php?rest_route=\/wp\/v2\/posts\/105198","targetHints":{"allow":["GET"]}}],"collection":[{"href":"https:\/\/www.fuldaernachrichten.de\/index.php?rest_route=\/wp\/v2\/posts"}],"about":[{"href":"https:\/\/www.fuldaernachrichten.de\/index.php?rest_route=\/wp\/v2\/types\/post"}],"author":[{"embeddable":true,"href":"https:\/\/www.fuldaernachrichten.de\/index.php?rest_route=\/wp\/v2\/users\/1"}],"replies":[{"embeddable":true,"href":"https:\/\/www.fuldaernachrichten.de\/index.php?rest_route=%2Fwp%2Fv2%2Fcomments&post=105198"}],"version-history":[{"count":0,"href":"https:\/\/www.fuldaernachrichten.de\/index.php?rest_route=\/wp\/v2\/posts\/105198\/revisions"}],"wp:attachment":[{"href":"https:\/\/www.fuldaernachrichten.de\/index.php?rest_route=%2Fwp%2Fv2%2Fmedia&parent=105198"}],"wp:term":[{"taxonomy":"category","embeddable":true,"href":"https:\/\/www.fuldaernachrichten.de\/index.php?rest_route=%2Fwp%2Fv2%2Fcategories&post=105198"},{"taxonomy":"post_tag","embeddable":true,"href":"https:\/\/www.fuldaernachrichten.de\/index.php?rest_route=%2Fwp%2Fv2%2Ftags&post=105198"}],"curies":[{"name":"wp","href":"https:\/\/api.w.org\/{rel}","templated":true}]}}