{"id":105192,"date":"2012-12-23T09:48:51","date_gmt":"2012-12-23T09:48:51","guid":{"rendered":"http:\/\/www.fuldaer-nachrichten.de\/?p=105192"},"modified":"2012-12-23T09:48:51","modified_gmt":"2012-12-23T09:48:51","slug":"hedwig-roth-nach-uber-33-jahren-aus-der-okumenischen-bahnhofsmission-verabschiedet","status":"publish","type":"post","link":"https:\/\/www.fuldaernachrichten.de\/?p=105192","title":{"rendered":"Hedwig Roth nach \u00fcber 33 Jahren aus der \u00f6kumenischen Bahnhofsmission verabschiedet"},"content":{"rendered":"<p><img decoding=\"async\" class=\"alignleft size-thumbnail wp-image-105193\" title=\"015 RCV BM Verabsch Ehrun 171212 wim\" src=\"http:\/\/www.fuldaer-nachrichten.de\/wp-content\/uploads\/2012\/12\/015-RCV-BM-Verabsch-Ehrun-171212-wim-265x156.jpg\" alt=\"\" width=\"265\" height=\"156\" srcset=\"https:\/\/www.fuldaernachrichten.de\/wp-content\/uploads\/2012\/12\/015-RCV-BM-Verabsch-Ehrun-171212-wim-265x156.jpg 265w, https:\/\/www.fuldaernachrichten.de\/wp-content\/uploads\/2012\/12\/015-RCV-BM-Verabsch-Ehrun-171212-wim.jpg 600w\" sizes=\"(max-width: 265px) 100vw, 265px\" \/>Fulda. Ehrenamtliche stehen heute hoch im Kurs. Dessen sind sich der Caritasverband f\u00fcr die Regionen Fulda und Geisa und das Diakonische Werk Fulda als Tr\u00e4ger der \u00f6kumenischen Bahnhofsmission in Fulda bewusst. Deshalb sei es immer wieder ein Einschnitt, wenn man ehrenamtliche Mitarbeiterinnen wie Hedwig Roth verabschieden m\u00fcsse, so Diakoniepfarrer Burkhard Enners und Caritasgesch\u00e4ftsf\u00fchrer Christian Reuter gleichlautend. Hedwig Roth sei durch ihre langj\u00e4hrige Mitarbeit von mehr als 33 Jahren eine S\u00e4ule der \u00f6kumenischen Bahnhofsmission gewesen. Gleichzeitig habe sie auch Kirche als gelebten N\u00e4chstendienst f\u00fcr Menschen auf Reisen, auf der Stra\u00dfe und suchende Menschen verk\u00f6rpert.<!--more--><\/p>\n<p>Gleiches gelte f\u00fcr Ingrid von Tschilschke und Christa W\u00fcllner, die nach 26 Jahren aus dem aktiven Ehrenamtsdienst verabschiedet wurden, sowie Gregor Farnung, der sechs Jahre ehrenamtlich in der \u00f6kumenischen Bahnhofsmission mitgearbeitet hat. Sie h\u00e4tten verstanden, dass den Br\u00fcdern und Schwestern beizustehen Gottesdienst sei, betonte Pfarrer Burkhard Enners in seiner Dankesrede. Mit dem Zitat von Oscar Wild, \u201eDas nicht die Vollkommenen sondern die Unvollkommenen Liebe brauchen\u201c, leitete er zur Ehrung \u00fcber. Diese h\u00e4tten Brigitte Sauer und Waltraud Riedl in den vergangenen f\u00fcnf Jahren und Anita Heum\u00fcller und Alois Weber in 10 Jahren uneigenn\u00fctzig gegeben. Die Ehrenurkunde der Konferenz der Kirchlichen Bahnhofsmissionen in Deutschland (KKBM) und des Deutschen Caritasverbandes \u00fcberreichte Christian Reuter. Sie seien ein Zeichen der dankbaren Anerkennung f\u00fcr langj\u00e4hrige Mitsorge und Dienst am Menschen in Not. In der \u00fcber hundertj\u00e4hrigen Geschichte der Bahnhofsmission h\u00e4tten sich immer wieder Menschen f\u00fcr die ehrenamtliche T\u00e4tigkeit gefunden und er hoffe, dass dieses auch in Zukunft so sei.<\/p>\n<p>Wer sich f\u00fcr die Arbeit der \u00f6kumenischen Bahnhofsmission interessiere, k\u00f6nne sich gerne an die Leiterin Monika Niestroj, Tel.: 0661\/ 73327 oder <a href=\"mailto:mail@bahnhofsmission-fulda.de\">mail@bahnhofsmission-fulda.de<\/a> wenden. Seit Juli 2012 ist sie nach dem Ausscheiden von Helga Stumpf, von der sie Gr\u00fc\u00dfe \u00fcberbrachte, alleinige Leiterin der \u00f6kumenischen Bahnhofsmission Fulda. Die Besucherzahl liege wieder bei \u00fcber 20.000. Schwerpunkte waren die Vermittlung sozialer Hilfen und Kids on tour einem Begleitdienst f\u00fcr alleinreisende Kinder. Am Heiligen Abend gebe es ab 8 Uhr Fr\u00fchst\u00fcck und am zweiten Weihnachtsfeiertag werde ein Weihnachtsgottesdienst mit Pfarrer Burkard Enners um 14 Uhr in der Bahnhofsmission sein. Begonnen hatte die Adventsfeier mit dem Film \u201eMartin der Schuster\u201c nach einer Geschichte von Leo Tolstoi. Brigitte Sauer trug das M\u00e4rchen vom Auszug der Ausl\u00e4nder von Helmut W\u00f6llenstein vor und Helga Roth dankte im Namen der Geehrten f\u00fcr die sch\u00f6ne gemeinsame Zeit und erinnerte an die erst k\u00fcrzlich verstorbene Ehrenamtliche Maria F\u00fcller.<\/p>\n<p>FotoText: Winfried M\u00f6ller<\/p>\n<p>Zum Foto: Ehrende und Geehrte Christian Reuter, Ingrid von Tschilschke, Waltraud Riedl, Brigitte Sauer, Anita Heum\u00fcller, Alois Weber, Gregor Farnung, Hedwig Roth, Burkard Enners, Monika Niestroj (v.l.n.r.)<\/p>\n<p>&nbsp;<\/p>\n","protected":false},"excerpt":{"rendered":"<div class=\"tmnf_excerpt\"><p>Fulda. Ehrenamtliche stehen heute hoch im Kurs. Dessen sind sich der Caritasverband f\u00fcr die Regionen Fulda und Geisa und das Diakonische Werk Fulda als Tr\u00e4ger der \u00f6kumenischen Bahnhofsmission in Fulda bewusst. Deshalb sei es immer wieder ein Einschnitt, wenn man ehrenamtliche Mitarbeiterinnen wie Hedwig Roth verabschieden m\u00fcsse, so Diakoniepfarrer Burkhard Enners und Caritasgesch\u00e4ftsf\u00fchrer Christian Reuter &hellip;<\/p>\n<\/div>","protected":false},"author":1,"featured_media":0,"comment_status":"closed","ping_status":"closed","sticky":false,"template":"","format":"standard","meta":{"footnotes":""},"categories":[1,50],"tags":[],"class_list":["post-105192","post","type-post","status-publish","format-standard","hentry","category-startseite","category-kirche"],"_links":{"self":[{"href":"https:\/\/www.fuldaernachrichten.de\/index.php?rest_route=\/wp\/v2\/posts\/105192","targetHints":{"allow":["GET"]}}],"collection":[{"href":"https:\/\/www.fuldaernachrichten.de\/index.php?rest_route=\/wp\/v2\/posts"}],"about":[{"href":"https:\/\/www.fuldaernachrichten.de\/index.php?rest_route=\/wp\/v2\/types\/post"}],"author":[{"embeddable":true,"href":"https:\/\/www.fuldaernachrichten.de\/index.php?rest_route=\/wp\/v2\/users\/1"}],"replies":[{"embeddable":true,"href":"https:\/\/www.fuldaernachrichten.de\/index.php?rest_route=%2Fwp%2Fv2%2Fcomments&post=105192"}],"version-history":[{"count":0,"href":"https:\/\/www.fuldaernachrichten.de\/index.php?rest_route=\/wp\/v2\/posts\/105192\/revisions"}],"wp:attachment":[{"href":"https:\/\/www.fuldaernachrichten.de\/index.php?rest_route=%2Fwp%2Fv2%2Fmedia&parent=105192"}],"wp:term":[{"taxonomy":"category","embeddable":true,"href":"https:\/\/www.fuldaernachrichten.de\/index.php?rest_route=%2Fwp%2Fv2%2Fcategories&post=105192"},{"taxonomy":"post_tag","embeddable":true,"href":"https:\/\/www.fuldaernachrichten.de\/index.php?rest_route=%2Fwp%2Fv2%2Ftags&post=105192"}],"curies":[{"name":"wp","href":"https:\/\/api.w.org\/{rel}","templated":true}]}}