{"id":105187,"date":"2012-12-21T00:11:45","date_gmt":"2012-12-21T00:11:45","guid":{"rendered":"http:\/\/www.fuldaer-nachrichten.de\/?p=105187"},"modified":"2012-12-21T09:33:04","modified_gmt":"2012-12-21T09:33:04","slug":"kristallklang-verschenkt-goldglanzende-padagogische-werkzeuge-an-kindergarten-der-region","status":"publish","type":"post","link":"https:\/\/www.fuldaernachrichten.de\/?p=105187","title":{"rendered":"Kristallklang verschenkt goldgl\u00e4nzende \u201ep\u00e4dagogische Werkzeuge\u201c an Kinderg\u00e4rten der Region"},"content":{"rendered":"<p><strong><\/strong><img fetchpriority=\"high\" decoding=\"async\" class=\"alignleft size-thumbnail wp-image-105188\" title=\"121220_Kristallklang\" src=\"http:\/\/www.fuldaer-nachrichten.de\/wp-content\/uploads\/2012\/12\/121220_Kristallklang-265x198.jpg\" alt=\"\" width=\"265\" height=\"198\" srcset=\"https:\/\/www.fuldaernachrichten.de\/wp-content\/uploads\/2012\/12\/121220_Kristallklang-265x198.jpg 265w, https:\/\/www.fuldaernachrichten.de\/wp-content\/uploads\/2012\/12\/121220_Kristallklang.jpg 600w\" sizes=\"(max-width: 265px) 100vw, 265px\" \/>Hilders. Dass man mit Klangschalen Konzentration, Aufmerksamkeit und motorische F\u00e4higkeiten von Kindern auf spielerische Weise f\u00f6rdern kann, wei\u00df Klangschalenpraktiker Stefan Eckart aus seiner t\u00e4glichen Arbeit. Deshalb verzichtete Eckart in diesem Jahr auf Weihnachtspost f\u00fcr seine Kunden und \u00fcberraschte stattdessen sieben Kinderg\u00e4rten aus der th\u00fcringischen und fr\u00e4nkischen Rh\u00f6n mit einem goldgl\u00e4nzenden \u201ep\u00e4dagogischen Werkzeug\u201c.<!--more--><\/p>\n<p>In seinem Hilderser Studio \u201eKristallklang\u201c erfolgte die \u00dcbergabe der Klangschalen, die jeweils einen Wert von ca. 120 Euro haben. Gleichzeitig gab der Klangschalenpraktiker Anregungen zum praktischen Gebrauch. \u201eMan kann die Klangschalen beispielsweise auf den Handteller stellen und den Schwingungen nachsp\u00fcren, auf Klangreise gehen, so lange still sein, bis ein Ton verklungen ist oder verschiedene Rituale \u2013 wie das Ende der Spielzeit oder den Ruf zum Mittagessen \u2013 damit etablieren\u201c, erkl\u00e4rte Eckart. \u201eAuf jeden Fall unterst\u00fctzen die Klangschalen verschiedene Entspannungs\u00fcbungen, sie schulen die Wahrnehmung und regen die Kreativit\u00e4t der Kinder an.\u201c Die Erzieherinnen bedankten sich herzlich f\u00fcr das gro\u00dfz\u00fcgige Geschenk und freuten sich sehr auf den ersten Einsatz der Klangschalen im Kindergarten.<\/p>\n","protected":false},"excerpt":{"rendered":"<div class=\"tmnf_excerpt\"><p>Hilders. Dass man mit Klangschalen Konzentration, Aufmerksamkeit und motorische F\u00e4higkeiten von Kindern auf spielerische Weise f\u00f6rdern kann, wei\u00df Klangschalenpraktiker Stefan Eckart aus seiner t\u00e4glichen Arbeit. Deshalb verzichtete Eckart in diesem Jahr auf Weihnachtspost f\u00fcr seine Kunden und \u00fcberraschte stattdessen sieben Kinderg\u00e4rten aus der th\u00fcringischen und fr\u00e4nkischen Rh\u00f6n mit einem goldgl\u00e4nzenden \u201ep\u00e4dagogischen Werkzeug\u201c.<\/p>\n<\/div>","protected":false},"author":1,"featured_media":0,"comment_status":"closed","ping_status":"closed","sticky":false,"template":"","format":"standard","meta":{"footnotes":""},"categories":[1],"tags":[],"class_list":["post-105187","post","type-post","status-publish","format-standard","hentry","category-startseite"],"_links":{"self":[{"href":"https:\/\/www.fuldaernachrichten.de\/index.php?rest_route=\/wp\/v2\/posts\/105187","targetHints":{"allow":["GET"]}}],"collection":[{"href":"https:\/\/www.fuldaernachrichten.de\/index.php?rest_route=\/wp\/v2\/posts"}],"about":[{"href":"https:\/\/www.fuldaernachrichten.de\/index.php?rest_route=\/wp\/v2\/types\/post"}],"author":[{"embeddable":true,"href":"https:\/\/www.fuldaernachrichten.de\/index.php?rest_route=\/wp\/v2\/users\/1"}],"replies":[{"embeddable":true,"href":"https:\/\/www.fuldaernachrichten.de\/index.php?rest_route=%2Fwp%2Fv2%2Fcomments&post=105187"}],"version-history":[{"count":0,"href":"https:\/\/www.fuldaernachrichten.de\/index.php?rest_route=\/wp\/v2\/posts\/105187\/revisions"}],"wp:attachment":[{"href":"https:\/\/www.fuldaernachrichten.de\/index.php?rest_route=%2Fwp%2Fv2%2Fmedia&parent=105187"}],"wp:term":[{"taxonomy":"category","embeddable":true,"href":"https:\/\/www.fuldaernachrichten.de\/index.php?rest_route=%2Fwp%2Fv2%2Fcategories&post=105187"},{"taxonomy":"post_tag","embeddable":true,"href":"https:\/\/www.fuldaernachrichten.de\/index.php?rest_route=%2Fwp%2Fv2%2Ftags&post=105187"}],"curies":[{"name":"wp","href":"https:\/\/api.w.org\/{rel}","templated":true}]}}