{"id":105180,"date":"2012-12-21T00:08:36","date_gmt":"2012-12-21T00:08:36","guid":{"rendered":"http:\/\/www.fuldaer-nachrichten.de\/?p=105180"},"modified":"2012-12-21T09:23:56","modified_gmt":"2012-12-21T09:23:56","slug":"aktion-kinder-im-konigreich-unterstutzt-hilfsbedurftige-menschen-in-elf-jahren-73-000-euro-gesammelt","status":"publish","type":"post","link":"https:\/\/www.fuldaernachrichten.de\/?p=105180","title":{"rendered":"Aktion Kinder im K\u00f6nigreich unterst\u00fctzt hilfsbed\u00fcrftige Menschen &#8211; In elf Jahren 73.000 Euro gesammelt"},"content":{"rendered":"<p><img fetchpriority=\"high\" decoding=\"async\" class=\"alignnone size-full wp-image-105181\" title=\"572-Kinder-im-Ko\u00cc\u02c6nigreich-Vorstand\" src=\"http:\/\/www.fuldaer-nachrichten.de\/wp-content\/uploads\/2012\/12\/572-Kinder-im-Ko\u00cc\u02c6nigreich-Vorstand.jpg\" alt=\"\" width=\"560\" height=\"412\" \/><br \/>\nFlieden. Die Adventstage n\u00e4hern sich unaufhaltsam dem Weihnachtsfest. Und die meisten von uns haben die Geschenke f\u00fcr ihre Lieben besorgt. Doch es gibt auch Menschen, bei denen diese sch\u00f6ne Besch\u00e4ftigung aus Armut weitgehend entf\u00e4llt, was vor allem Kinder zu sp\u00fcren bekommen. Zur Linderung solcher Notlagen \u2013 nicht nur zu Weihnachten \u2013 hat sich in Flieden vor elf Jahren die \u201eAktion Kinder im K\u00f6nigreich e.V.\u201c gegr\u00fcndet.<strong> <\/strong><\/p>\n<p>Oberstes Gebot bei den Hilfsma\u00dfnahmen ist der Schutz der Privatsph\u00e4re der Betroffenen. Daher steht der Spruch \u201eTue Gutes und sprich dar\u00fcber\u201c nicht obenan. Als die Aktion am 22. M\u00e4rz 2001 in Leben gerufen wurde, war sie bei der damaligen Werbegemeinschaft K\u00f6nigreich Flieden angesiedelt, wurde jedoch nach drei Jahren in einen selbst\u00e4ndigen Verein \u00fcberf\u00fchrt. Initiator war der Vorstandsvorsitzende der \u00f6rtlichen Raiffeisenbank, Lother J\u00fcnemann, der auch den Vorsitz der Aktion Kinder im K\u00f6nigreich \u00fcbernahm. Ihm standen B\u00fcrgermeister Winfried Kre\u00df als Stellvertreter sowie die Firmeninhaber Peter Barth und Wolfgang Ro\u00dfmar zur Seite.<\/p>\n<p>Der Katalog der bisher gef\u00f6rderten rund 530 Einzelma\u00dfnahmen mit einem Finanzvolumen von nahezu 73.000 Euro ist umfangreich. Unter anderem geh\u00f6ren dazu Schulbedarfsartikel, Mittagsbetreuung in den Kinderg\u00e4rten und Schulen, Klassenfahrten, Feiern zur Erstkommunion und Konfirmation, Ferienfreizeiten und Aktivwochen der politischen und Kirchengemeinden, Schwimmbadbesuche, Mutter-Kind-Kuren, Patenschaft f\u00fcr einen Vollwaisen in Form von Taschengeld, Zusch\u00fcsse f\u00fcr Sch\u00fcler-Monatsfahrkarten, f\u00fcr eine Delfintherapie, eine logop\u00e4dische Behandlung und vieles mehr.<\/p>\n<p>\u00dcber diesen F\u00f6rderrahmen hinaus hat die Hilfsaktion auch behinderte Kinder im K\u00f6nigreich Flieden im Blickfeld. Sie waren bereits mit Eltern und Geschwistern zu Besuch im Rh\u00f6npark-Hotel, im Frankfurter Zoo und im Biohof Gensler in Poppenhausen, und in diesem Jahr stand der Erlebnispark Steinau auf dem Programm. In 2011 beging die Aktion ihr zehnj\u00e4hriges Bestehen mit einem schlichten Festakt. Im Jahr zuvor war sie von der Familie Bauermeister zu einem tollen Kinderfest auf dem Reitstall-Gel\u00e4nde Berntal eingeladen worden.<\/p>\n<p><img decoding=\"async\" class=\"alignleft size-thumbnail wp-image-105182\" title=\"572-Ko\u00cc\u02c6nigreichba\u00cc\u02c6r\" src=\"http:\/\/www.fuldaer-nachrichten.de\/wp-content\/uploads\/2012\/12\/572-Ko\u00cc\u02c6nigreichba\u00cc\u02c6r-265x353.jpg\" alt=\"\" width=\"265\" height=\"353\" \/>Um Personen vor Ort zu ermitteln, denen Hilfe zu Teil werden soll, werden regelm\u00e4\u00dfig Kontaktpersonen aus den Schulen, Kinderg\u00e4rten und Kleinkindbetreuungen, die Geistlichen beider Kirchengemeinden sowie die Ortsvorsteher eingeladen. Diese wichtigen Zusammenk\u00fcnfte dienen dem Informationsaustausch, dem die Feststellung des Unterst\u00fctzungsbedarfs und Einleitung von Ma\u00dfnahmen folgen. Auch von den Hebammen kommen Hinweise auf Sozialf\u00e4lle.<\/p>\n<p>Der \u00fcberwiegende Teil der in elf Jahren aufgebrachten F\u00f6rdersumme von 73.000 Euro stammt aus Geld- und Sachspenden zahlreicher Sponsoren. Anl\u00e4sse dazu sind zu Beispiel Geburtstage, Beitr\u00e4ge aus Nachl\u00e4ssen, Firmenspenden, Versteigerungen (z. B. Brautschuhe), Vereinsevents, Sammelaktionen bei Jugendturnieren, Erl\u00f6se der Neujahrsesel oder aus dem PS-Sparen der Bank. Diese trug bisher auch den gesamten Aufwand f\u00fcr die Gesch\u00e4ftsf\u00fchrung. Ferner sind die Unternehmer zu nennen, die stets bereitwillig ihre Fahrzeuge f\u00fcr diverse Transporte bereitstellten.<\/p>\n<p>Inzwischen hat sich die Aktion Kinder im K\u00f6nigreich ein kindertypisches Emblem zugelegt, den K\u00f6nigsb\u00e4ren. Ihn gibt es als Button zum Anstecken und als Kuscheltier-Maskottchen. Sein Erwerb tr\u00e4gt ebenfalls zur Finanzierung der gro\u00dfen und vielf\u00e4ltigen Aufgaben bei. Neben einzelnen Dankadressen und unterst\u00fctzten Personen erf\u00e4hrt der Verein vor allem f\u00fcr seine unb\u00fcrokratische und diskrete Arbeit hohe Anerkennung. \u201eWenn es ihn nicht g\u00e4be, m\u00fcsste man ihn erfinden\u201c, hei\u00dft es in einem Brief.<\/p>\n<p>Der Verein hat aktuell 56 Mitglieder. Dem amtierenden Vorstand geh\u00f6ren der Vorsitzende Lothar J\u00fcnemann, dessen Stellvertreter Christian Henkel, Kassierer Markus F\u00f6ller sowie Barbara G\u00e4rtner und Jennifer Heil an.<\/p>\n<p>Der Vorstand von links: Markus F\u00f6ller, Barbara G\u00e4rtner, Lothar J\u00fcnemann, Jennifer Heil, Christian Henkel \/ Foto: Henkel<\/p>\n","protected":false},"excerpt":{"rendered":"<div class=\"tmnf_excerpt\"><p>Flieden. Die Adventstage n\u00e4hern sich unaufhaltsam dem Weihnachtsfest. Und die meisten von uns haben die Geschenke f\u00fcr ihre Lieben besorgt. Doch es gibt auch Menschen, bei denen diese sch\u00f6ne Besch\u00e4ftigung aus Armut weitgehend entf\u00e4llt, was vor allem Kinder zu sp\u00fcren bekommen. Zur Linderung solcher Notlagen \u2013 nicht nur zu Weihnachten \u2013 hat sich in Flieden &hellip;<\/p>\n<\/div>","protected":false},"author":1,"featured_media":0,"comment_status":"closed","ping_status":"closed","sticky":false,"template":"","format":"standard","meta":{"footnotes":""},"categories":[1,78],"tags":[],"class_list":["post-105180","post","type-post","status-publish","format-standard","hentry","category-startseite","category-topthema"],"_links":{"self":[{"href":"https:\/\/www.fuldaernachrichten.de\/index.php?rest_route=\/wp\/v2\/posts\/105180","targetHints":{"allow":["GET"]}}],"collection":[{"href":"https:\/\/www.fuldaernachrichten.de\/index.php?rest_route=\/wp\/v2\/posts"}],"about":[{"href":"https:\/\/www.fuldaernachrichten.de\/index.php?rest_route=\/wp\/v2\/types\/post"}],"author":[{"embeddable":true,"href":"https:\/\/www.fuldaernachrichten.de\/index.php?rest_route=\/wp\/v2\/users\/1"}],"replies":[{"embeddable":true,"href":"https:\/\/www.fuldaernachrichten.de\/index.php?rest_route=%2Fwp%2Fv2%2Fcomments&post=105180"}],"version-history":[{"count":0,"href":"https:\/\/www.fuldaernachrichten.de\/index.php?rest_route=\/wp\/v2\/posts\/105180\/revisions"}],"wp:attachment":[{"href":"https:\/\/www.fuldaernachrichten.de\/index.php?rest_route=%2Fwp%2Fv2%2Fmedia&parent=105180"}],"wp:term":[{"taxonomy":"category","embeddable":true,"href":"https:\/\/www.fuldaernachrichten.de\/index.php?rest_route=%2Fwp%2Fv2%2Fcategories&post=105180"},{"taxonomy":"post_tag","embeddable":true,"href":"https:\/\/www.fuldaernachrichten.de\/index.php?rest_route=%2Fwp%2Fv2%2Ftags&post=105180"}],"curies":[{"name":"wp","href":"https:\/\/api.w.org\/{rel}","templated":true}]}}