{"id":105178,"date":"2012-12-21T09:20:11","date_gmt":"2012-12-21T09:20:11","guid":{"rendered":"http:\/\/www.fuldaer-nachrichten.de\/?p=105178"},"modified":"2012-12-21T09:20:11","modified_gmt":"2012-12-21T09:20:11","slug":"marke-fd-von-fulda-nach-sudafrika","status":"publish","type":"post","link":"https:\/\/www.fuldaernachrichten.de\/?p=105178","title":{"rendered":"Marke FD: Von Fulda nach S\u00fcdafrika"},"content":{"rendered":"<p><strong><\/strong><img decoding=\"async\" class=\"alignleft size-thumbnail wp-image-105179\" title=\"Anja-Mehler\" src=\"http:\/\/www.fuldaer-nachrichten.de\/wp-content\/uploads\/2012\/12\/Anja-Mehler-265x175.jpg\" alt=\"\" width=\"265\" height=\"175\" srcset=\"https:\/\/www.fuldaernachrichten.de\/wp-content\/uploads\/2012\/12\/Anja-Mehler-265x175.jpg 265w, https:\/\/www.fuldaernachrichten.de\/wp-content\/uploads\/2012\/12\/Anja-Mehler.jpg 600w\" sizes=\"(max-width: 265px) 100vw, 265px\" \/>Fulda. Eine Geschichte wird Anja Mehler den Menschen in der N\u00e4he von Kapstadt am anderen Ende der Welt mit Sicherheit erz\u00e4hlen, n\u00e4mlich die vom Sp\u00e4tlese-Reiter. Denn ihre neue Heimat auf Zeit, Stellenbosch, 50 Kilometer \u00f6stlich von Kapstadt gelegen, ist umgeben von Weinbergen. Die 27-j\u00e4hrige wird dort in den n\u00e4chsten 12 Monaten ihren MBA (=Master of Business Administration) an der Universit\u00e4t von Stellenbosch absolvieren. Die geb\u00fcrtige Fuldaerin kann man getrost als Weltenbummlerin bezeichnen, hat sie doch bereits Studienaufenthalte und Projekteins\u00e4tze im s\u00fcdafrikanischen Johannesburg, in Wien und zuletzt in M\u00fcnchen erfolgreich abgeschlossen und in diesem Jahr einen viermonatigen sozialen Freiwilligendienst in einem Zentrum f\u00fcr Kinder und Jugendliche in Paraguay unternommen. Ihre ersten touristischen Sporen hat sie im Fuldaer Reiseb\u00fcro Krug und im Hotel Esperanto erworben. Mittlerweile besch\u00e4ftigt sie sich mit der strategischen Betreuung und Gesch\u00e4ftsweiterentwicklung von Gro\u00dfkunden im touristischen Bereich.<!--more--><\/p>\n<p>Bei allem Fernweh ist Anja Mehler stets ihrer Heimatstadt treu geblieben. In der Zeitschrift Move36 wurde sie aufmerksam auf die Markenkampagne Region und Fulda und fand die dort beschriebene Botschafter-Idee toll. Sie nahm kurzerhand Kontakt mit Regionalmanager Christoph Burkard auf und fragte an, ob es m\u00f6glich sei, dass sie als Botschafterin f\u00fcr die Region werbe. Gesagt, getan, Burkard war sofort begeistert und nicht nur er. Oberb\u00fcrgermeister Gerhard M\u00f6ller, Landrat Bernd Woide und IHK-Hauptgesch\u00e4ftsf\u00fchrer Stefan Schunck lie\u00dfen es sich nicht nehmen, die neue Botschafterin offiziell nach S\u00fcdafrika zu verabschieden. Im ITZ-Fulda \u00fcberreichten sie Anja Mehler nicht nur den traditionellen Fuldaer Rucksack, sondern auch eine Sammlung mit Plakaten aus der Region. Den Gro\u00dfteil des Informationsmaterials hat sie jedoch digital im Gep\u00e4ck.<\/p>\n<p>Und Informationen \u00fcber ihre Heimatregion kann sie auch brauchen, denn Anja Mehler wird w\u00e4hrend ihres MBA-Studiums von der Rotary-Foundation unterst\u00fctzt. Als Gegenleistung soll sie ihre Heimatregion den \u00f6rtlichen Rotary-Clubs vorstellen, 15 bis 20 Pr\u00e4sentationen sind geplant. Man darf gespannt sein, welche neuen Kontakte Anja Mehler f\u00fcr die Region kn\u00fcpfen wird. Unter <a href=\"http:\/\/www.region-fulda.de\">www.region-fulda.de<\/a> und im Facebook-Auftritt der Region Fulda wird die Studentin k\u00fcnftig regelm\u00e4\u00dfig als Botschafterin aus S\u00fcdafrika berichten.<\/p>\n<p>Foto von links nach rechts: Regionalmanager Christoph Burkard, IHK-Hauptgesch\u00e4ftsf\u00fchrer Stefan Schunck, Anja Mehler, Oberb\u00fcrgermeister Gerhard M\u00f6ller und Landrat Bernd Woide.<\/p>\n<p>&nbsp;<\/p>\n","protected":false},"excerpt":{"rendered":"<div class=\"tmnf_excerpt\"><p>Fulda. Eine Geschichte wird Anja Mehler den Menschen in der N\u00e4he von Kapstadt am anderen Ende der Welt mit Sicherheit erz\u00e4hlen, n\u00e4mlich die vom Sp\u00e4tlese-Reiter. Denn ihre neue Heimat auf Zeit, Stellenbosch, 50 Kilometer \u00f6stlich von Kapstadt gelegen, ist umgeben von Weinbergen. Die 27-j\u00e4hrige wird dort in den n\u00e4chsten 12 Monaten ihren MBA (=Master of &hellip;<\/p>\n<\/div>","protected":false},"author":1,"featured_media":0,"comment_status":"closed","ping_status":"closed","sticky":false,"template":"","format":"standard","meta":{"footnotes":""},"categories":[1,29],"tags":[],"class_list":["post-105178","post","type-post","status-publish","format-standard","hentry","category-startseite","category-politik"],"_links":{"self":[{"href":"https:\/\/www.fuldaernachrichten.de\/index.php?rest_route=\/wp\/v2\/posts\/105178","targetHints":{"allow":["GET"]}}],"collection":[{"href":"https:\/\/www.fuldaernachrichten.de\/index.php?rest_route=\/wp\/v2\/posts"}],"about":[{"href":"https:\/\/www.fuldaernachrichten.de\/index.php?rest_route=\/wp\/v2\/types\/post"}],"author":[{"embeddable":true,"href":"https:\/\/www.fuldaernachrichten.de\/index.php?rest_route=\/wp\/v2\/users\/1"}],"replies":[{"embeddable":true,"href":"https:\/\/www.fuldaernachrichten.de\/index.php?rest_route=%2Fwp%2Fv2%2Fcomments&post=105178"}],"version-history":[{"count":0,"href":"https:\/\/www.fuldaernachrichten.de\/index.php?rest_route=\/wp\/v2\/posts\/105178\/revisions"}],"wp:attachment":[{"href":"https:\/\/www.fuldaernachrichten.de\/index.php?rest_route=%2Fwp%2Fv2%2Fmedia&parent=105178"}],"wp:term":[{"taxonomy":"category","embeddable":true,"href":"https:\/\/www.fuldaernachrichten.de\/index.php?rest_route=%2Fwp%2Fv2%2Fcategories&post=105178"},{"taxonomy":"post_tag","embeddable":true,"href":"https:\/\/www.fuldaernachrichten.de\/index.php?rest_route=%2Fwp%2Fv2%2Ftags&post=105178"}],"curies":[{"name":"wp","href":"https:\/\/api.w.org\/{rel}","templated":true}]}}