{"id":105174,"date":"2012-12-21T00:12:27","date_gmt":"2012-12-21T00:12:27","guid":{"rendered":"http:\/\/www.fuldaer-nachrichten.de\/?p=105174"},"modified":"2012-12-21T09:16:44","modified_gmt":"2012-12-21T09:16:44","slug":"helios-klinik-oberwald-jahresruckblick-und-ehrung-verdienter-mitarbeiter-im-rahmen-der-weihnachtsfeier","status":"publish","type":"post","link":"https:\/\/www.fuldaernachrichten.de\/?p=105174","title":{"rendered":"HELIOS Klinik Oberwald: Jahresr\u00fcckblick und Ehrung verdienter Mitarbeiter im Rahmen der Weihnachtsfeier"},"content":{"rendered":"<p><img decoding=\"async\" class=\"alignleft size-thumbnail wp-image-105175\" title=\"HKO-Weihnacht-Ehrung-20-Jahre\" src=\"http:\/\/www.fuldaer-nachrichten.de\/wp-content\/uploads\/2012\/12\/HKO-Weihnacht-Ehrung-20-Jahre-265x178.jpg\" alt=\"\" width=\"265\" height=\"178\" srcset=\"https:\/\/www.fuldaernachrichten.de\/wp-content\/uploads\/2012\/12\/HKO-Weihnacht-Ehrung-20-Jahre-265x178.jpg 265w, https:\/\/www.fuldaernachrichten.de\/wp-content\/uploads\/2012\/12\/HKO-Weihnacht-Ehrung-20-Jahre.jpg 592w\" sizes=\"(max-width: 265px) 100vw, 265px\" \/>Grebenhain. Den festlichen Abschluss des Jahres bildet f\u00fcr die Mitarbeiter der HELIOS Klinik Oberwald in Grebenhain traditionsgem\u00e4\u00df die gemeinsame Weihnachtsfeier, zu der die Klinikleitung in der vergangenen Woche eingeladen hatte: Im Kontrast zum gesch\u00e4ftigen Berufsalltag bot der Abend f\u00fcr die aktiven Mitarbeiter und die \u00c4rzteschaft Gelegenheit, bei gutem Essen ins Gespr\u00e4ch zu kommen und Ereignisse des vergangenen Jahres Revue passieren zu lassen. Auch zahlreiche ehemalige Mitarbeiter und \u00c4rzte waren wieder der Einladung gefolgt und freuten sich, ehemalige Kollegen wieder zu sehen, Neuigkeiten zu erfahren und die entspannte Atmosph\u00e4re zu genie\u00dfen. <!--more--><\/p>\n<p><img fetchpriority=\"high\" decoding=\"async\" class=\"alignleft size-thumbnail wp-image-105176\" title=\"HKO-Weihnacht-Ehrung-25-30-Jahre\" src=\"http:\/\/www.fuldaer-nachrichten.de\/wp-content\/uploads\/2012\/12\/HKO-Weihnacht-Ehrung-25-30-Jahre-265x192.jpg\" alt=\"\" width=\"265\" height=\"192\" srcset=\"https:\/\/www.fuldaernachrichten.de\/wp-content\/uploads\/2012\/12\/HKO-Weihnacht-Ehrung-25-30-Jahre-265x192.jpg 265w, https:\/\/www.fuldaernachrichten.de\/wp-content\/uploads\/2012\/12\/HKO-Weihnacht-Ehrung-25-30-Jahre.jpg 592w\" sizes=\"(max-width: 265px) 100vw, 265px\" \/>\u201eDer gro\u00dfe Zuspruch zu unserer Weihnachtsfeier ist f\u00fcr mich ein gutes Zeichen, dass sich unsere Mitarbeiter in der Klinik wohl f\u00fchlen. Aus allen Fachbereichen unseres Hauses waren Kolleginnen und Kollegen dabei und haben zusammen einen vergn\u00fcgten Abend bei Live-Musik und Tanz verbracht\u201c, freute sich Lothar Nicolai. Der Klinikgesch\u00e4ftsf\u00fchrer nutzt die Weihnachtsfeier gerne, um einen Blick zur\u00fcck zu werfen und Bilanz zu ziehen, aber auch um den engagierten Mitarbeiterinnen und Mitarbeitern f\u00fcr ihren unerm\u00fcdlichen Einsatz zu danken. \u201eEs ist Ihr Einsatz, der dem Unternehmen den Erfolg sichert\u201c, lobte Nicolai die Belegschaft.<\/p>\n<p>Um die Versorgung der Patienten auch in Zukunft auf hohem Niveau sicher zu stellen, hatte die Klinikleitung eine Vielzahl von grundlegenden Umbauarbeiten in der Klinik in <img decoding=\"async\" class=\"alignleft size-thumbnail wp-image-105177\" title=\"HKO-Weihnacht-Verabschiedung\" src=\"http:\/\/www.fuldaer-nachrichten.de\/wp-content\/uploads\/2012\/12\/HKO-Weihnacht-Verabschiedung-265x195.jpg\" alt=\"\" width=\"265\" height=\"195\" srcset=\"https:\/\/www.fuldaernachrichten.de\/wp-content\/uploads\/2012\/12\/HKO-Weihnacht-Verabschiedung-265x195.jpg 265w, https:\/\/www.fuldaernachrichten.de\/wp-content\/uploads\/2012\/12\/HKO-Weihnacht-Verabschiedung.jpg 592w\" sizes=\"(max-width: 265px) 100vw, 265px\" \/>Angriff genommen. Nicolai wies in seiner Ansprache auf die Investitionen des vergangenen Jahres hin, insbesondere die Neugestaltung der Wahlleistungsstation und den Brandschutz. Durch diese Investitionen in den Um- und Ausbau und die medizinisch-technische Ausstattung sieht Nicolai die Klinik auf einem guten Weg. Er schloss seine Ausf\u00fchrungen mit einem positiven Ausblick auf das Jahr 2013. Wie in den Vorjahren wurden im Anschluss wieder verdiente Mitarbeiter geehrt.<\/p>\n<p><strong>Ehrungen<\/strong><\/p>\n<p>F\u00fcr <strong>20-j\u00e4hrige T\u00e4tigkeit<\/strong> in der HELIOS Klinik Oberwald wurden geehrt: Kerstin Schramm, Wache\/An\u00e4sthesie; Johanna Lisowska-Adamus, R\u00f6ntgen; Tanja Fuchs, Station V; Anneliese Heun, Leitstelle; Susanne Schneider, Proktologie; Viola Schrank, Nachtwache Station III; Ilse Heldmann, Station III.<\/p>\n<p>F\u00fcr<strong> 25 Jahre Berufst\u00e4tigkeit<\/strong> in der HELIOS Klinik Oberwald: Andrea Leipold, Station VI und Kerstin Stribrny, Verwaltung. Nach 25-j\u00e4hriger T\u00e4tigkeit als Koch wurde dar\u00fcber hinaus Rainer Stier in den Ruhestand verabschiedet.<\/p>\n<p><strong>30 Jahre<\/strong> lang haben sie ihre ausgezeichneten Kenntnisse zum Wohle der Patienten der Klinik eingesetzt: Gerhard Erb, OP; Frank B\u00f6rner, Phys. Therapie; Anita Sch\u00f6neberger, Station V; Ramona Haeuseler, Station VI; Heike Greb, Verwaltung; Regina Steinberg, R\u00f6ntgen und Johanna Gehrich-Franz, Station III.<\/p>\n<p>Verabschiedet in den <strong>Ruhestand<\/strong> wurde Gerda Lang, KEC\/Service, die knapp 23 Jahre in der Klinik Oberwald t\u00e4tig war. Ebenso wie Christa Mitter, die leider nicht anwesend sein konnte. Sie arbeitete seit April 1988 im Oberwald und geht nun in den Vorruhestand.<\/p>\n","protected":false},"excerpt":{"rendered":"<div class=\"tmnf_excerpt\"><p>Grebenhain. Den festlichen Abschluss des Jahres bildet f\u00fcr die Mitarbeiter der HELIOS Klinik Oberwald in Grebenhain traditionsgem\u00e4\u00df die gemeinsame Weihnachtsfeier, zu der die Klinikleitung in der vergangenen Woche eingeladen hatte: Im Kontrast zum gesch\u00e4ftigen Berufsalltag bot der Abend f\u00fcr die aktiven Mitarbeiter und die \u00c4rzteschaft Gelegenheit, bei gutem Essen ins Gespr\u00e4ch zu kommen und Ereignisse &hellip;<\/p>\n<\/div>","protected":false},"author":1,"featured_media":0,"comment_status":"closed","ping_status":"closed","sticky":false,"template":"","format":"standard","meta":{"footnotes":""},"categories":[1],"tags":[],"class_list":["post-105174","post","type-post","status-publish","format-standard","hentry","category-startseite"],"_links":{"self":[{"href":"https:\/\/www.fuldaernachrichten.de\/index.php?rest_route=\/wp\/v2\/posts\/105174","targetHints":{"allow":["GET"]}}],"collection":[{"href":"https:\/\/www.fuldaernachrichten.de\/index.php?rest_route=\/wp\/v2\/posts"}],"about":[{"href":"https:\/\/www.fuldaernachrichten.de\/index.php?rest_route=\/wp\/v2\/types\/post"}],"author":[{"embeddable":true,"href":"https:\/\/www.fuldaernachrichten.de\/index.php?rest_route=\/wp\/v2\/users\/1"}],"replies":[{"embeddable":true,"href":"https:\/\/www.fuldaernachrichten.de\/index.php?rest_route=%2Fwp%2Fv2%2Fcomments&post=105174"}],"version-history":[{"count":0,"href":"https:\/\/www.fuldaernachrichten.de\/index.php?rest_route=\/wp\/v2\/posts\/105174\/revisions"}],"wp:attachment":[{"href":"https:\/\/www.fuldaernachrichten.de\/index.php?rest_route=%2Fwp%2Fv2%2Fmedia&parent=105174"}],"wp:term":[{"taxonomy":"category","embeddable":true,"href":"https:\/\/www.fuldaernachrichten.de\/index.php?rest_route=%2Fwp%2Fv2%2Fcategories&post=105174"},{"taxonomy":"post_tag","embeddable":true,"href":"https:\/\/www.fuldaernachrichten.de\/index.php?rest_route=%2Fwp%2Fv2%2Ftags&post=105174"}],"curies":[{"name":"wp","href":"https:\/\/api.w.org\/{rel}","templated":true}]}}