{"id":105172,"date":"2012-12-21T00:10:38","date_gmt":"2012-12-21T00:10:38","guid":{"rendered":"http:\/\/www.fuldaer-nachrichten.de\/?p=105172"},"modified":"2012-12-21T09:11:37","modified_gmt":"2012-12-21T09:11:37","slug":"kosmische-momente-und-neue-vorfuhrzeiten-im-planetarium-fulda","status":"publish","type":"post","link":"https:\/\/www.fuldaernachrichten.de\/?p=105172","title":{"rendered":"Kosmische Momente und neue Vorf\u00fchrzeiten im Planetarium Fulda"},"content":{"rendered":"<p><img fetchpriority=\"high\" decoding=\"async\" class=\"alignleft size-thumbnail wp-image-105173\" title=\"Poster_Kosmische_Momente\" src=\"http:\/\/www.fuldaer-nachrichten.de\/wp-content\/uploads\/2012\/12\/Poster_Kosmische_Momente-265x265.jpg\" alt=\"\" width=\"265\" height=\"265\" srcset=\"https:\/\/www.fuldaernachrichten.de\/wp-content\/uploads\/2012\/12\/Poster_Kosmische_Momente-265x265.jpg 265w, https:\/\/www.fuldaernachrichten.de\/wp-content\/uploads\/2012\/12\/Poster_Kosmische_Momente.jpg 600w\" sizes=\"(max-width: 265px) 100vw, 265px\" \/>Fulda. Mit Beginn des Jahres 2013 \u00e4ndert das Planetarium des Vonderau Museums seine Vorf\u00fchrzeiten. Samstags und sonntags werden die beiden Vorf\u00fchrungen jeweils um eine halbe Stunde nach vorne verschoben, sie beginnen um 14.30 und 15.30 Uhr.\u00c2\u00a0 Das Astrom\u00e4rchen am Sonntag wird nun um 10.30 Uhr gezeigt. Die einzelnen Vorf\u00fchrungen k\u00f6nnen wie bisher dem gedruckten Veranstaltungsprogramm des Museums entnommen werden. Auf der Homepage <a href=\"http:\/\/www.museum-fulda.de\" target=\"_blank\">www.museum-fulda.de<\/a> findet man dar\u00fcber hinaus auch kurze Inhaltsbeschreibungen. <!--more--><br \/>\nErstmals am Freitag, 11. Januar 2013 zeigt das Planetarium um 19.00 Uhr das neue Programm KOSMISCHE MOMENTE. Die \u201eKosmischen Momente\u201c verbinden die bildgewaltigen M\u00f6glichkeiten des Planetariums mit Musik zu einem Erlebnis der Geschichte des Menschen als Teil und als Entdecker des Universums. Um die eigenen Gedanken mit den Eindr\u00fccken von Bildern und Musik nicht zu \u00fcberlagern, wird bewusst auf erkl\u00e4rende Worte verzichtet. Mit 75 Minuten Dauer ist dieses Programm auch etwas l\u00e4nger als die \u00fcblichen Vorf\u00fchrungen. Vonderau Museum Fulda, Jesuitenplatz 2, 36037 Fulda, Platzreservierungen empfohlen unter Tel. 0661-102 3212.<\/p>\n","protected":false},"excerpt":{"rendered":"<div class=\"tmnf_excerpt\"><p>Fulda. Mit Beginn des Jahres 2013 \u00e4ndert das Planetarium des Vonderau Museums seine Vorf\u00fchrzeiten. Samstags und sonntags werden die beiden Vorf\u00fchrungen jeweils um eine halbe Stunde nach vorne verschoben, sie beginnen um 14.30 und 15.30 Uhr.\u00c2\u00a0 Das Astrom\u00e4rchen am Sonntag wird nun um 10.30 Uhr gezeigt. Die einzelnen Vorf\u00fchrungen k\u00f6nnen wie bisher dem gedruckten Veranstaltungsprogramm &hellip;<\/p>\n<\/div>","protected":false},"author":1,"featured_media":0,"comment_status":"closed","ping_status":"closed","sticky":false,"template":"","format":"standard","meta":{"footnotes":""},"categories":[1,44],"tags":[],"class_list":["post-105172","post","type-post","status-publish","format-standard","hentry","category-startseite","category-kultur"],"_links":{"self":[{"href":"https:\/\/www.fuldaernachrichten.de\/index.php?rest_route=\/wp\/v2\/posts\/105172","targetHints":{"allow":["GET"]}}],"collection":[{"href":"https:\/\/www.fuldaernachrichten.de\/index.php?rest_route=\/wp\/v2\/posts"}],"about":[{"href":"https:\/\/www.fuldaernachrichten.de\/index.php?rest_route=\/wp\/v2\/types\/post"}],"author":[{"embeddable":true,"href":"https:\/\/www.fuldaernachrichten.de\/index.php?rest_route=\/wp\/v2\/users\/1"}],"replies":[{"embeddable":true,"href":"https:\/\/www.fuldaernachrichten.de\/index.php?rest_route=%2Fwp%2Fv2%2Fcomments&post=105172"}],"version-history":[{"count":0,"href":"https:\/\/www.fuldaernachrichten.de\/index.php?rest_route=\/wp\/v2\/posts\/105172\/revisions"}],"wp:attachment":[{"href":"https:\/\/www.fuldaernachrichten.de\/index.php?rest_route=%2Fwp%2Fv2%2Fmedia&parent=105172"}],"wp:term":[{"taxonomy":"category","embeddable":true,"href":"https:\/\/www.fuldaernachrichten.de\/index.php?rest_route=%2Fwp%2Fv2%2Fcategories&post=105172"},{"taxonomy":"post_tag","embeddable":true,"href":"https:\/\/www.fuldaernachrichten.de\/index.php?rest_route=%2Fwp%2Fv2%2Ftags&post=105172"}],"curies":[{"name":"wp","href":"https:\/\/api.w.org\/{rel}","templated":true}]}}