{"id":105171,"date":"2012-12-21T00:10:04","date_gmt":"2012-12-21T00:10:04","guid":{"rendered":"http:\/\/www.fuldaer-nachrichten.de\/?p=105171"},"modified":"2012-12-21T09:10:25","modified_gmt":"2012-12-21T09:10:25","slug":"baumfallarbeiten-am-aueweiher","status":"publish","type":"post","link":"https:\/\/www.fuldaernachrichten.de\/?p=105171","title":{"rendered":"Baumf\u00e4llarbeiten am Aueweiher"},"content":{"rendered":"<p>Fulda. Die Stadt Fulda f\u00fchrt ab Mitte Januar 2013 Baumf\u00e4llarbeiten am Hochwasserdeich entlang der Aueweiher durch. \u00e2\u20ac\u00a8\u00e2\u20ac\u00a8Diese sind aus Gr\u00fcnden des Deichschutzes und der Deichverteidigung erforderlich und wurden von der unteren Wasserbeh\u00f6rde angeordnet. Entsprechend der Vorschriften d\u00fcrfen Hochwasserd\u00e4mme nicht mit B\u00e4umen bewachsen sein. Nachdem im letzten Winter die B\u00e4ume in einem ersten Abschnitt gef\u00e4llt wurden, werden dieses Jahr die Arbeiten im zweiten von insgesamt vier Abschnitten umgesetzt. Die Ma\u00dfnahmen sind mit der Naturschutzbeh\u00f6rde abgestimmt.<\/p>\n","protected":false},"excerpt":{"rendered":"<div class=\"tmnf_excerpt\"><p>Fulda. Die Stadt Fulda f\u00fchrt ab Mitte Januar 2013 Baumf\u00e4llarbeiten am Hochwasserdeich entlang der Aueweiher durch. \u00e2\u20ac\u00a8\u00e2\u20ac\u00a8Diese sind aus Gr\u00fcnden des Deichschutzes und der Deichverteidigung erforderlich und wurden von der unteren Wasserbeh\u00f6rde angeordnet. Entsprechend der Vorschriften d\u00fcrfen Hochwasserd\u00e4mme nicht mit B\u00e4umen bewachsen sein. Nachdem im letzten Winter die B\u00e4ume in einem ersten Abschnitt gef\u00e4llt wurden, &hellip;<\/p>\n<\/div>","protected":false},"author":1,"featured_media":0,"comment_status":"closed","ping_status":"closed","sticky":false,"template":"","format":"standard","meta":{"footnotes":""},"categories":[1,52],"tags":[],"class_list":["post-105171","post","type-post","status-publish","format-standard","hentry","category-startseite","category-umwelt"],"_links":{"self":[{"href":"https:\/\/www.fuldaernachrichten.de\/index.php?rest_route=\/wp\/v2\/posts\/105171","targetHints":{"allow":["GET"]}}],"collection":[{"href":"https:\/\/www.fuldaernachrichten.de\/index.php?rest_route=\/wp\/v2\/posts"}],"about":[{"href":"https:\/\/www.fuldaernachrichten.de\/index.php?rest_route=\/wp\/v2\/types\/post"}],"author":[{"embeddable":true,"href":"https:\/\/www.fuldaernachrichten.de\/index.php?rest_route=\/wp\/v2\/users\/1"}],"replies":[{"embeddable":true,"href":"https:\/\/www.fuldaernachrichten.de\/index.php?rest_route=%2Fwp%2Fv2%2Fcomments&post=105171"}],"version-history":[{"count":0,"href":"https:\/\/www.fuldaernachrichten.de\/index.php?rest_route=\/wp\/v2\/posts\/105171\/revisions"}],"wp:attachment":[{"href":"https:\/\/www.fuldaernachrichten.de\/index.php?rest_route=%2Fwp%2Fv2%2Fmedia&parent=105171"}],"wp:term":[{"taxonomy":"category","embeddable":true,"href":"https:\/\/www.fuldaernachrichten.de\/index.php?rest_route=%2Fwp%2Fv2%2Fcategories&post=105171"},{"taxonomy":"post_tag","embeddable":true,"href":"https:\/\/www.fuldaernachrichten.de\/index.php?rest_route=%2Fwp%2Fv2%2Ftags&post=105171"}],"curies":[{"name":"wp","href":"https:\/\/api.w.org\/{rel}","templated":true}]}}