{"id":105170,"date":"2012-12-21T00:11:37","date_gmt":"2012-12-21T00:11:37","guid":{"rendered":"http:\/\/www.fuldaer-nachrichten.de\/?p=105170"},"modified":"2012-12-21T09:09:54","modified_gmt":"2012-12-21T09:09:54","slug":"kraftfahrzeuggewerbe-mit-kratzern-am-lack-durch-das-jahr-2012","status":"publish","type":"post","link":"https:\/\/www.fuldaernachrichten.de\/?p=105170","title":{"rendered":"Kraftfahrzeuggewerbe mit Kratzern am Lack durch das Jahr 2012"},"content":{"rendered":"<p>Fulda. Gerade noch einmal gut gegangen ist das Jahr 2012 f\u00fcr das Kraftfahrzeuggewerbe in der Region Fulda. In der Mitgliederversammlung zog Obermeister Thorsten Kr\u00e4mer kurz vor Jahresschluss eine erste Bilanz. Er betonte, dass ein paar Kratzer am Lack nicht zu vermeiden waren. Insbesondere die private Nachfrage nach Neufahrzeugen ging sp\u00fcrbar zur\u00fcck. Obwohl sich die Menge der gehandelten Gebrauchtwagen noch \u00fcber dem Niveau des Vorjahres bewegte, ist die Ertragssituation im Fahrzeughandel nicht zufrieden stellend. Der R\u00fcckgang der Nachfrage traf im Jahr 2012 zusammen mit einem \u00dcberangebot an Fahrzeugen, zum Teil auch aus anderen europ\u00e4ischen L\u00e4ndern mit schwacher Autokonjunktur nach Deutschland zur\u00fcckflossen.<!--more--><\/p>\n<p>Kritisiert wurde auch aus der Mitgliederversammlung die Berichterstattung \u00fcber &#8220;Rabattschlachten&#8221;, die sich oft an extremen Einzelbeispielen orientierte. &#8220;Auch viele Betriebe der Innung wurden mit zum Teil v\u00f6llig \u00fcberzogenen Rabattvorstellungen konfrontiert&#8221;, sagte Obermeister Kr\u00e4mer wirklich. Es sei nicht immer einfach, den Kunden im Gespr\u00e4ch eine realistische Preisgestaltung nahe zu bringen. Schlie\u00dflich profitierten sie im Autohaus von umfangreichen Serviceleistungen, angefangen bei der Bereitstellung von Ausstellungsfahrzeugen \u00fcber intensive Beratung bis hin zur Probefahrt. Diese Leistungen w\u00fcrden z.B. Internet-Portale nicht anbieten.<\/p>\n<p>\u00c4hnlich verh\u00e4lt es sich nach Meinung von Obermeister Kr\u00e4mer mit den Werkstattleistungen. Inzwischen w\u00fcrden auch Fahrzeuginspektionen \u00fcber Werkstattportale im Internet Angeboten. Und auch hier stehe der Preis im Vordergrund. &#8220;Dabei lassen sich Werkstattleistungen nicht allein \u00fcber den Preis vergleichen&#8221;, sagt Obermeister Kr\u00e4mer seinen Mitgliedsbetrieben. Sorgfalt der Arbeit, Qualit\u00e4t der verwendeten Teile und des M\u00fclls, Termintreue und Kundenfreundlichkeit k\u00f6nnten dazu f\u00fchren, dass das vermeintlich teurere Angebot in Wirklichkeit das preiswertere sei. Im Hinblick auf den Verbraucher bemerkt Kr\u00e4mer, dass kaum jemand sich von einem Arzt operieren lassen wird, nur weil dieser der billigste ist. Gleiche Ma\u00dfst\u00e4be m\u00fcssten f\u00fcr die Auswahl einer Kraftfahrzeugwerkstatt gelten. Denn die Qualit\u00e4t der Wartung oder Reparatur eines Automobils sei von entscheidender Bedeutung f\u00fcr die Sicherheit der Insassen.<\/p>\n<p>Insgesamt gesehen sei das Werkstattgesch\u00e4ft jedoch nach wie vor die tragende S\u00e4ule der Betriebe, die der Innung des Kraftfahrzeuggewerbes Fulda angeh\u00f6ren. Dies werde sich auch im kommenden Jahr nicht \u00e4ndern. Gr\u00fcnde daf\u00fcr sind die nach wie vor gute Lage am Arbeitsmarkt in der Region Fulda und eine leichte Steigerung der Nettoeinkommen. Au\u00dferdem trage das steigende Durchschnittsalter der Fahrzeuge zu einer h\u00f6heren Servicenotwendigkeit bei.<\/p>\n<p>An die Verbraucher gerichtet, appellierte der Obermeister die Reparaturen grunds\u00e4tzlich in Innungsbetrieben durchf\u00fchren zu lassen. Nur dadurch k\u00f6nnte der Autobesitzer bei einer eventuellen Reklamation die Schiedsstelle der Innung des Kraftfahrzeuggewerbes Fulda anrufen. Kosten entstehen dabei f\u00fcr den Kunden nicht.Die Aussichten f\u00fcr das Neuwagengesch\u00e4ft im kommenden Jahr h\u00e4tten sich hingegen sp\u00fcrbar eingetr\u00fcbt. Bundesweit rechnet das Kraftfahrzeuggewerbe 2013 mit ca. 2,9 Millionen Neuzulassungen. Das Gebrauchtwagengesch\u00e4ft hingegen werde sich mengenm\u00e4\u00dfig in etwa auf dem Niveau des Jahres 2012 und damit bei ca. 7 Millionen Besitzumschreibungen bewegen, so Obermeister Thorsten Kr\u00e4mer.<\/p>\n<p>In einem intensiven Gedankenaustausch wurde deutlich, dass die demographische Entwicklung auch im Kraftfahrzeuggewerbe Spuren hinterl\u00e4sst. Nach wie vor sei die Berufsausbildung im Kraftfahrzeughandwerk hoch attraktiv und der Kraftfahrzeuge der Politiker unangefochten die Nr. 1 der Ausbildungsberufe im Handwerk. In der Innung des Kraftfahrzeuggewerbes Fulda wurden zum neuen Ausbildungsjahr 68 Vertr\u00e4ge unterschrieben. Insgesamt lernen etwas \u00fcber 200 junge Menschen den Beruf des Kraftfahrzeugmechatronikers.<\/p>\n<p>Der Kampf um den qualifizierten Nachwuchs werde sich aber in den n\u00e4chsten Jahren noch versch\u00e4rfen. Zus\u00e4tzliche Reserven, wie etwa doppelte Abiturjahrg\u00e4nge und das aussetzen der Wehrpflicht vielen zuk\u00fcnftig weg. Daher sei es f\u00fcr die Kraftfahrzeugbetrieben extrem wichtig, sich sehr fr\u00fchzeitig und intensiv um den geeigneten Nachwuchs zu k\u00fcmmern. Dies sei eine der wichtigsten Aufgaben der n\u00e4chsten Jahre, so Obermeister Thorsten Kr\u00e4mer abschlie\u00dfend.<\/p>\n<p>&nbsp;<\/p>\n","protected":false},"excerpt":{"rendered":"<div class=\"tmnf_excerpt\"><p>Fulda. Gerade noch einmal gut gegangen ist das Jahr 2012 f\u00fcr das Kraftfahrzeuggewerbe in der Region Fulda. In der Mitgliederversammlung zog Obermeister Thorsten Kr\u00e4mer kurz vor Jahresschluss eine erste Bilanz. Er betonte, dass ein paar Kratzer am Lack nicht zu vermeiden waren. Insbesondere die private Nachfrage nach Neufahrzeugen ging sp\u00fcrbar zur\u00fcck. Obwohl sich die Menge &hellip;<\/p>\n<\/div>","protected":false},"author":1,"featured_media":0,"comment_status":"closed","ping_status":"closed","sticky":false,"template":"","format":"standard","meta":{"footnotes":""},"categories":[1,35,29],"tags":[],"class_list":["post-105170","post","type-post","status-publish","format-standard","hentry","category-startseite","category-auto","category-politik"],"_links":{"self":[{"href":"https:\/\/www.fuldaernachrichten.de\/index.php?rest_route=\/wp\/v2\/posts\/105170","targetHints":{"allow":["GET"]}}],"collection":[{"href":"https:\/\/www.fuldaernachrichten.de\/index.php?rest_route=\/wp\/v2\/posts"}],"about":[{"href":"https:\/\/www.fuldaernachrichten.de\/index.php?rest_route=\/wp\/v2\/types\/post"}],"author":[{"embeddable":true,"href":"https:\/\/www.fuldaernachrichten.de\/index.php?rest_route=\/wp\/v2\/users\/1"}],"replies":[{"embeddable":true,"href":"https:\/\/www.fuldaernachrichten.de\/index.php?rest_route=%2Fwp%2Fv2%2Fcomments&post=105170"}],"version-history":[{"count":0,"href":"https:\/\/www.fuldaernachrichten.de\/index.php?rest_route=\/wp\/v2\/posts\/105170\/revisions"}],"wp:attachment":[{"href":"https:\/\/www.fuldaernachrichten.de\/index.php?rest_route=%2Fwp%2Fv2%2Fmedia&parent=105170"}],"wp:term":[{"taxonomy":"category","embeddable":true,"href":"https:\/\/www.fuldaernachrichten.de\/index.php?rest_route=%2Fwp%2Fv2%2Fcategories&post=105170"},{"taxonomy":"post_tag","embeddable":true,"href":"https:\/\/www.fuldaernachrichten.de\/index.php?rest_route=%2Fwp%2Fv2%2Ftags&post=105170"}],"curies":[{"name":"wp","href":"https:\/\/api.w.org\/{rel}","templated":true}]}}