{"id":105168,"date":"2012-12-21T00:09:11","date_gmt":"2012-12-21T00:09:11","guid":{"rendered":"http:\/\/www.fuldaer-nachrichten.de\/?p=105168"},"modified":"2012-12-21T08:52:15","modified_gmt":"2012-12-21T08:52:15","slug":"jordan-cup-derby-wird-verlegt-auf-marz-2013","status":"publish","type":"post","link":"https:\/\/www.fuldaernachrichten.de\/?p=105168","title":{"rendered":"JORDAN CUP: Derby wird verlegt auf M\u00e4rz 2013"},"content":{"rendered":"<p>Fulda. Das f\u00fcr kommenden Samstag zum 9. Spieltag des in der Tennishalle des TC Gr\u00fcn-Wei\u00df Fulda ausgetragenen JORDAN CUP angesetzte und mit viel Spannung erwartete Stadt-Derby zwischen Gr\u00fcn-Wei\u00df Fulda und Rot-Wei\u00df Fulda ist auf einen noch zu bestimmenden Termin im M\u00e4rz 2013 verlegt worden.<!--more--><\/p>\n<p>Zahlreiche Erkrankungen in den Reihen von RW Fulda machten die Spielverlegung erforderlich. Gegner GW Fulda stimmte der Spielverlegung sofort zu: \u201eEs w\u00e4re unsportlich, in einer solchen Situation auf eine Durchf\u00fchrung des Spieltags zu pochen\u201c, meint hierzu GW-Spielf\u00fchrer Dr. Christian R\u00f6del.<\/p>\n<p>Als neuer Termin f\u00fcr das Derby stehen der 23. und der 30. M\u00e4rz 2013 zur Auswahl. Auf welchen Termin es konkret hinauslaufen wird, entscheidet sich laut Spielleiter Karsten A\u00dfmann in den n\u00e4chsten Tagen.<\/p>\n<p>Der JORDAN CUP geht somit in die Winterpause und startet am Samstag, dem 12. Januar 2013 um 18 Uhr mit dem Duell zwischen dem TC Eichenzell und GW Fulda ins neue Jahr. Da die Spieltagsz\u00e4hlung beibehalten wird, handelt es sich somit um den 10. Spieltag.<\/p>\n<p>Alle weiteren Informationen zum JORDAN CUP stehen online bereit unter <a href=\"http:\/\/www.facebook.com\/tennis.winter\" target=\"_blank\">www.facebook.com\/tennis.winter<\/a> sowie <a href=\"http:\/\/www.jordancup.de\" target=\"_blank\">www.jordancup.de<\/a>.<\/p>\n","protected":false},"excerpt":{"rendered":"<div class=\"tmnf_excerpt\"><p>Fulda. Das f\u00fcr kommenden Samstag zum 9. Spieltag des in der Tennishalle des TC Gr\u00fcn-Wei\u00df Fulda ausgetragenen JORDAN CUP angesetzte und mit viel Spannung erwartete Stadt-Derby zwischen Gr\u00fcn-Wei\u00df Fulda und Rot-Wei\u00df Fulda ist auf einen noch zu bestimmenden Termin im M\u00e4rz 2013 verlegt worden.<\/p>\n<\/div>","protected":false},"author":1,"featured_media":0,"comment_status":"closed","ping_status":"closed","sticky":false,"template":"","format":"standard","meta":{"footnotes":""},"categories":[1,46],"tags":[],"class_list":["post-105168","post","type-post","status-publish","format-standard","hentry","category-startseite","category-sport"],"_links":{"self":[{"href":"https:\/\/www.fuldaernachrichten.de\/index.php?rest_route=\/wp\/v2\/posts\/105168","targetHints":{"allow":["GET"]}}],"collection":[{"href":"https:\/\/www.fuldaernachrichten.de\/index.php?rest_route=\/wp\/v2\/posts"}],"about":[{"href":"https:\/\/www.fuldaernachrichten.de\/index.php?rest_route=\/wp\/v2\/types\/post"}],"author":[{"embeddable":true,"href":"https:\/\/www.fuldaernachrichten.de\/index.php?rest_route=\/wp\/v2\/users\/1"}],"replies":[{"embeddable":true,"href":"https:\/\/www.fuldaernachrichten.de\/index.php?rest_route=%2Fwp%2Fv2%2Fcomments&post=105168"}],"version-history":[{"count":0,"href":"https:\/\/www.fuldaernachrichten.de\/index.php?rest_route=\/wp\/v2\/posts\/105168\/revisions"}],"wp:attachment":[{"href":"https:\/\/www.fuldaernachrichten.de\/index.php?rest_route=%2Fwp%2Fv2%2Fmedia&parent=105168"}],"wp:term":[{"taxonomy":"category","embeddable":true,"href":"https:\/\/www.fuldaernachrichten.de\/index.php?rest_route=%2Fwp%2Fv2%2Fcategories&post=105168"},{"taxonomy":"post_tag","embeddable":true,"href":"https:\/\/www.fuldaernachrichten.de\/index.php?rest_route=%2Fwp%2Fv2%2Ftags&post=105168"}],"curies":[{"name":"wp","href":"https:\/\/api.w.org\/{rel}","templated":true}]}}