{"id":105166,"date":"2012-12-21T00:10:17","date_gmt":"2012-12-21T00:10:17","guid":{"rendered":"http:\/\/www.fuldaer-nachrichten.de\/?p=105166"},"modified":"2012-12-21T08:50:08","modified_gmt":"2012-12-21T08:50:08","slug":"arbeitsjubilaen-und-verabschiedungen-von-mitarbeiterinnen-und-mitarbeitern-der-stadtverwaltung-fulda-3","status":"publish","type":"post","link":"https:\/\/www.fuldaernachrichten.de\/?p=105166","title":{"rendered":"Arbeitsjubil\u00e4en und Verabschiedungen von Mitarbeiterinnen und Mitarbeitern der Stadtverwaltung Fulda"},"content":{"rendered":"<p><img decoding=\"async\" class=\"alignleft size-thumbnail wp-image-105167\" title=\"DSC_0056\" src=\"http:\/\/www.fuldaer-nachrichten.de\/wp-content\/uploads\/2012\/12\/DSC_0056-265x175.jpg\" alt=\"\" width=\"265\" height=\"175\" srcset=\"https:\/\/www.fuldaernachrichten.de\/wp-content\/uploads\/2012\/12\/DSC_0056-265x175.jpg 265w, https:\/\/www.fuldaernachrichten.de\/wp-content\/uploads\/2012\/12\/DSC_0056.jpg 592w\" sizes=\"(max-width: 265px) 100vw, 265px\" \/>Fulda (cp). \u201eIm Laufe der Jahre haben Sie in den unterschiedlichsten \u00c4mtern vieles mit auf den Weg gebracht, sich f\u00fcr die B\u00fcrger engagiert und unsere Stadtverwaltung mit Ihrem Wissen und Ihrer Kompetenz bereichert\u201c, erkl\u00e4rte Oberb\u00fcrgermeister Gerhard M\u00f6ller als er im Rahmen eines Empfangs im Marmorsaal des Stadtschlosses Heike Firle, Thomas Fl\u00fcgel, Martin Lauer, Stephanie Vautz, Brunhilde Hotzy, Lothar Lofink, Reinhold Trabert und Wilma Belz zu ihrem 25-j\u00e4hrigem Arbeitsjubil\u00e4um sowie Helmut Herchenhan zu seinem 40-j\u00e4hrigen Arbeitsjubil\u00e4um gratulierte. Au\u00dferdem wurde Angelika Hasenauer in die Freizeitphase des Ruhestands verabschiedet und die Auszubildenden Svenja Kl\u00fch und Marcel Lang f\u00fcr ihr gutes Abschneiden bei der Aktion der Fuldaer Zeitung \u201eSchlauester Azubi\u201c geehrt. Im Beisein des Leiters des Haupt- und Personalamtes Thomas M\u00f6lter, des Leiters der Personalabteilung Lothar Helmer und zahlreicher Kolleginnen sowie Kollegen stie\u00df der Auftritt des Personalratsvorsitzenden Richard Thonius als Nikolaus auf gro\u00dfe Begeisterung. <!--more--><br \/>\n<strong>Arbeitsjubil\u00e4en<\/strong><\/p>\n<p>Nachdem Heike Firle eine Ausbildung im gehobenen nichttechnischen Dienst beim Regierungspr\u00e4sidium Darmstadt absolviert und anschlie\u00dfend als Sachbearbeiterin bei der Unteren Wasserbeh\u00f6rde des Landrates des Main-Kinzig-Kreises gearbeitet hatte, begann sie im Juli 1991 eine T\u00e4tigkeit bei der Stadt Fulda im Sozial-, Jugend- und Sportamt in der Abteilung Wirtschaftliche Jugendhilfe. Danach arbeitete sie in der Abteilung f\u00fcr Wahlen, Statistik und Repr\u00e4sentation. Die zweifache Mutter ist seit dem Jahr 2003 in der Abteilung Steuern und Beteiligungen der K\u00e4mmerei besch\u00e4ftigt. Aktuell bearbeitet Heike Firle das Sachgebiet Spielapparatesteuer und Hundesteuer. \u201eSie arbeiten gewissenhaft, zuverl\u00e4ssig und fachlich kompetent in einem Bereich, der vielen Rechts\u00e4nderungen unterworfen ist\u201c, betonte Oberb\u00fcrgermeister Gerhard M\u00f6ller.<\/p>\n<p>Thomas Fl\u00fcgel wurde nach seiner Ausbildung zum Verwaltungsfachangestellten bei der Gemeindeverwaltung Petersberg und dem anschlie\u00dfenden Wehrdienst im Jahre 1991 als Inspektorenanw\u00e4rter bei der Stadt Fulda eingestellt. Nach einer T\u00e4tigkeit im Rechnungspr\u00fcfungsamt\u00c2\u00a0 und einem Sonderausbildungslehrgang f\u00fcr Hilfspolizeibeamte wurde er als Sachbearbeiter bzw. Einsatzleiter der Hilfspolizei zur Stra\u00dfenverkehrsbeh\u00f6rde des Rechts- und Ordnungsamts versetzt. Schlie\u00dflich bekam er die Sachgebietsleiterstelle im Sachgebiet Stra\u00dfenverkehrsangelegenheiten \u00fcbertragen und \u00fcbernahm zus\u00e4tzlich administrative sowie koordinierende Aufgaben im Bereich Parkangelegenheiten. \u201eSie \u00fcben Ihre T\u00e4tigkeit\u00c2\u00a0 sehr engagiert auch \u00fcber die normale Dienstzeit hinaus aus, weisen ein hohes Koordinationstalent auf und reagieren mit viel Kreativit\u00e4t auf neue Anforderungen\u201c, hob der Fuldaer Verwaltungschef hervor.<\/p>\n<p>Der KFZ-Mechaniker Martin Lauer wurde im Jahr 1989 als Kraftfahrer im Bereich Stra\u00dfenreinigung des Tiefbauamtes der Stadt Fulda eingestellt. Zwei Jahre sp\u00e4ter erhielt er die Versetzung als KFZ-Mechaniker in die Werkstatt des Bauhofes des Betriebsamtes. Nach einer Fortbildung zum KFZ-Meister und zum Sicherheitsbeauftragten f\u00fcr den Bereich der KFZ-Werkstatt wurde ihm im Jahr 2002 die Vertretung des Leiters des Sachgebiets Werkst\u00e4tten \u00fcbertragen. Seit 2009 ist er zudem Gefahrgutbeauftragter. \u201eOhne Fahrzeuge und Ger\u00e4te ist unser Betriebsamt nicht arbeitsf\u00e4hig und Sie sorgen mit daf\u00fcr, dass unsere Werkstatt immer betriebsbereit ist\u201c, so Gerhard M\u00f6ller.<\/p>\n<p>Nach einem Studium der Musikschulp\u00e4dagogik in Frankfurt am Main war Stephanie Vautz Sch\u00fclerin am Dr. Hoch Konservatorium. Danach erhielt sie einen Lehrauftrag an einer Musikschule im Fach Musikalische Fr\u00fcherziehung und Blockfl\u00f6te und gab Kurse in Musikalischer Fr\u00fcherziehung. Anschlie\u00dfend absolvierte sie ein Studium am Seminar f\u00fcr Musikerzieher der Akademie f\u00fcr Tonkunst Darmstadt im Fach Fl\u00f6te. Seit sie im Jahr 1987 als Musikschullehrerin im Fach Querfl\u00f6te in der Musikschule der Stadt Fulda angestellt wurde, gibt die dreifache Mutter Musikunterricht. \u201eNeben Ihrem engagierten und soliden Unterricht, der Ihren Sch\u00fclern viele Wettbewerbserfolge erm\u00f6glicht hat, setzen Sie starke Akzente im Ensemblebereich\u201c, erkl\u00e4rte der Oberb\u00fcrgermeister.<\/p>\n<p>Seit dem Jahr 1987 ist Brunhilde Hotzy als Raumpflegerin in verschiedenen Schulen der Stadt Fulda, in Verwaltungsgeb\u00e4uden, dem Betriebsamt und schlie\u00dflich dem Hauptamt t\u00e4tig. \u201eSie sorgen mit daf\u00fcr, dass wir saubere und benutzbare R\u00e4ume zur Verf\u00fcgung haben und leisten dabei stets gute Arbeit\u201c, betonte der Fuldaer Verwaltungschef.<\/p>\n<p>Der ausgebildete Bauzeichner Lothar Lofink absolvierte die Pr\u00fcfung zum \u201eGepr\u00fcften Polier\u201c im Jahre 1987 und wurde kurze Zeit sp\u00e4ter als Verwaltungsfachangestellter in der Abteilung Stra\u00dfenunterhaltung des Tiefbauamtes der Stadt Fulda eingestellt. Er betreut die Stra\u00dfenunterhaltung der Ortsteile sowie die Arbeiten der verschiedenen Versorgungsunternehmen und des Abwasserverbandes im gesamten Stadtgebiet. \u201eSie sind das Aush\u00e4ngeschild des Tiefbauamtes in den Ortsbeir\u00e4ten und bei den Ortsvorstehern und fungieren dort als Bindeglied der Stadt zu den Gremien\u201c, erkl\u00e4rte Gerhard M\u00f6ller und w\u00fcrdigte die Arbeit Lofinks als \u201ezuverl\u00e4ssig, p\u00fcnktlich und kompetent\u201c.<\/p>\n<p>Der Elektroinstallateur Reinhold Trabert wurde 1988 als Hausmeister in der Ferdinand-Braun-Schule der Stadt Fulda eingestellt. Nach seinem Abschluss als staatlich gepr\u00fcfter Techniker in der Fachrichtung Elektrotechnik betreut er seit dem Jahr 2008 ein weiteres Feld mit, da er die Vertretung des Bereitschaftsdienstes und der Turnhallenbereitschaft im Hausmeister-Team Ost mit \u00fcbernahm. \u201eSie sind eine unverzichtbare Unterst\u00fctzung der Hausmeisterdienste, sind flexibel einsetzbar und arbeiten gut mit Ihren Kollegen zusammen\u201c, erkl\u00e4rte Oberb\u00fcrgermeister Gerhard M\u00f6ller.<\/p>\n<p>Im Jahr 1977 setzte Wilma Belz ihre Ausbildung zur B\u00fcrogehilfin bei der Stadt Fulda fort. Danach war sie im Sekretariat des Stadtplanungs- und Vermessungsamtes besch\u00e4ftigt, half im Sachgebiet Stra\u00dfenverkehrsangelegenheiten des Rechts- und Ordbungsamtes aus und arbeitete im Sekretariat der Projekt Fulda Galerie Verwaltungs GmbH &amp; Co. Stadtentwicklung KG. Seit deren Aufl\u00f6sung im Jahr 2011 ist Wilma Belz im Grundst\u00fccks- und Vermessungsamt t\u00e4tig. \u201eSie haben bei der Entwicklung eines neuen Stadtteils mitgewirkt und arbeiten pflichtbewusst sowie engagiert bei den vielf\u00e4ltigsten Aufgaben mit\u201c, so Gerhard M\u00f6ller.<\/p>\n<p>Nach einer Ausbildung bei der Post, dem Wehrdienst und der Verpflichtung als Soldat auf Zeit f\u00fcr zw\u00f6lf Jahre wurde Helmut Herchenhan 1989 als Inspektorenanw\u00e4rter des gehobenen Dienstes bei der Stadt Fulda eingestellt. Danach arbeitete er in der Sozialhilfeabteilung und in der Abteilung Wahlen\/Repr\u00e4sentation des Hauptamtes. Im Jahr 2002 hat Helmut Herchenhan die Aufgaben\u00c2\u00a0 f\u00fcr das B\u00fcro der Stadtverordnetenversammlung im Hauptamt \u00fcbernommen. \u201eSie haben damit eine verantwortungsvolle T\u00e4tigkeit inne, fungieren als Schaltstelle zwischen dem Parlament, der Stadtverordnetenvorsteherin und der Verwaltung und betreuen auch die Aussch\u00fcsse mit\u201c, erkl\u00e4rte der Fuldaer Verwaltungschef. Durch sein Engagement im Kreistag verf\u00fcge Herchenhan \u00fcber ein umfassendes kommunalpolitisches Fachwissen und verstehe es, die politischen Interessen im Verwaltungsalltag neutral sowie kompetent zu bearbeiten, so M\u00f6ller weiter.<\/p>\n<p><strong>Verabschiedung<\/strong><\/p>\n<p>Seit 1998 war Angelika Hasenauer als Hilfspolizeibeamtin im Rechts- und Ordnungsamt der Stadt Fulda t\u00e4tig. Dabei arbeitete sie unter anderem als Sachbearbeiterin in den Bereichen Bildauswertung, Ermittlung und Verwarngeld und nahm auch am Projekt Doppelstreife teil. \u201eIhre T\u00e4tigkeit war sicherlich nicht immer einfach und Sie haben des\u00f6fteren kontroverse Diskussionen f\u00fchren m\u00fcssen, die Sie aber mit Ihrer verbindlichen Art gut l\u00f6sen konnten\u201c, betonte der Oberb\u00fcrgermeister und dankte Angelika Hasenauer auch f\u00fcr die \u00dcbernahme zus\u00e4tzlicher Aufgaben. Ihre Kollegen und Vorgesetzten sch\u00e4tzten besonders ihre \u201eau\u00dfergew\u00f6hnlich positive Arbeitseinstellung\u201c sowie ihre Teamf\u00e4higkeit und ihr Kommunikationstalent.<\/p>\n","protected":false},"excerpt":{"rendered":"<div class=\"tmnf_excerpt\"><p>Fulda (cp). \u201eIm Laufe der Jahre haben Sie in den unterschiedlichsten \u00c4mtern vieles mit auf den Weg gebracht, sich f\u00fcr die B\u00fcrger engagiert und unsere Stadtverwaltung mit Ihrem Wissen und Ihrer Kompetenz bereichert\u201c, erkl\u00e4rte Oberb\u00fcrgermeister Gerhard M\u00f6ller als er im Rahmen eines Empfangs im Marmorsaal des Stadtschlosses Heike Firle, Thomas Fl\u00fcgel, Martin Lauer, Stephanie Vautz, &hellip;<\/p>\n<\/div>","protected":false},"author":1,"featured_media":0,"comment_status":"closed","ping_status":"closed","sticky":false,"template":"","format":"standard","meta":{"footnotes":""},"categories":[1,29],"tags":[],"class_list":["post-105166","post","type-post","status-publish","format-standard","hentry","category-startseite","category-politik"],"_links":{"self":[{"href":"https:\/\/www.fuldaernachrichten.de\/index.php?rest_route=\/wp\/v2\/posts\/105166","targetHints":{"allow":["GET"]}}],"collection":[{"href":"https:\/\/www.fuldaernachrichten.de\/index.php?rest_route=\/wp\/v2\/posts"}],"about":[{"href":"https:\/\/www.fuldaernachrichten.de\/index.php?rest_route=\/wp\/v2\/types\/post"}],"author":[{"embeddable":true,"href":"https:\/\/www.fuldaernachrichten.de\/index.php?rest_route=\/wp\/v2\/users\/1"}],"replies":[{"embeddable":true,"href":"https:\/\/www.fuldaernachrichten.de\/index.php?rest_route=%2Fwp%2Fv2%2Fcomments&post=105166"}],"version-history":[{"count":0,"href":"https:\/\/www.fuldaernachrichten.de\/index.php?rest_route=\/wp\/v2\/posts\/105166\/revisions"}],"wp:attachment":[{"href":"https:\/\/www.fuldaernachrichten.de\/index.php?rest_route=%2Fwp%2Fv2%2Fmedia&parent=105166"}],"wp:term":[{"taxonomy":"category","embeddable":true,"href":"https:\/\/www.fuldaernachrichten.de\/index.php?rest_route=%2Fwp%2Fv2%2Fcategories&post=105166"},{"taxonomy":"post_tag","embeddable":true,"href":"https:\/\/www.fuldaernachrichten.de\/index.php?rest_route=%2Fwp%2Fv2%2Ftags&post=105166"}],"curies":[{"name":"wp","href":"https:\/\/api.w.org\/{rel}","templated":true}]}}