{"id":105163,"date":"2012-12-20T10:02:09","date_gmt":"2012-12-20T10:02:09","guid":{"rendered":"http:\/\/www.fuldaer-nachrichten.de\/?p=105163"},"modified":"2012-12-20T10:02:09","modified_gmt":"2012-12-20T10:02:09","slug":"beschaftigungsprognose-region-rhein-main-zuwachs-der-beschaftigung-bis-ende-2014-erwartet","status":"publish","type":"post","link":"https:\/\/www.fuldaernachrichten.de\/?p=105163","title":{"rendered":"Besch\u00e4ftigungsprognose Region Rhein-Main: Zuwachs der Besch\u00e4ftigung bis Ende 2014 erwartet"},"content":{"rendered":"<p>Frankfurt am Main. Die Betriebe in der Region Rhein-Main erwarten binnen zwei Jahren einen Anstieg der Gesamtbesch\u00e4ftigung. W\u00e4hrend die Zahlen insgesamt f\u00fcr 2013 voraussichtlich unver\u00e4ndert bleiben, soll 2014 die Besch\u00e4ftigung wieder ansteigen. Nach der aktuellen IWAK-Betriebsbefragung halten sich die Zuw\u00e4chse und R\u00fcckg\u00e4nge in der Region bis zum Ende des Jahres 2013 fast die Waage. Geringf\u00fcgig anwachsen wird bis Ende 2013 allerdings die sozialversicherungspflichtige Besch\u00e4ftigung. Die Betriebe erwarten hier einen kleinen Zuwachs um knapp 0,4 Prozent. F\u00fcr 2014 geht man von einem Anstieg der Gesamtbesch\u00e4ftigung von etwa 1,5 Prozent aus.<!--more--><strong> <\/strong><br \/>\n<strong>Unterschiedliche Entwicklung in den Branchen<\/strong><\/p>\n<p>Auch wenn bei der Gesamtbesch\u00e4ftigung keine Ver\u00e4nderungen zu erwarten sind, wird sich die Besch\u00e4ftigung bis Ende 2013 in den einzelnen Branchen sehr unterschiedlich entwickeln. Das Verarbeitende Gewerbe, der Energiesektor sowie das Gastgewerbe gehen in der Region Rhein-Main von Besch\u00e4ftigungsr\u00fcckg\u00e4ngen aus. Eine deutlich positive Tendenz erwarten Betriebe des Handels, des Gesundheits- und Sozialwesen sowie der Sonstigen Dienstleistungen.<br \/>\n<strong>\u00c2\u00a0<\/strong><br \/>\n<strong>Jobmotor der Region sind kleine Betriebe<\/strong><\/p>\n<p>Bei den Kleinst- und Kleinbetrieben wird bis Ende 2013 ein Besch\u00e4ftigungszuwachs von 1,6 bzw. 1,2 Prozent erwartet, w\u00e4hrend in den mittelgro\u00dfen Betrieben mit einem leichten Besch\u00e4ftigungsr\u00fcckgang von 0,3 Prozent, in den gro\u00dfen Betrieben mit 1,2 Prozent weniger Besch\u00e4ftigten gerechnet wird. Zusammenfassend l\u00e4sst sich festhalten, dass die kleineren Betriebe, in denen rund 36 Prozent aller Besch\u00e4ftigten arbeiten, ma\u00dfgeblicher Jobmotor der Region sind, w\u00e4hrend sich der Stellenabbau in den gr\u00f6\u00dferen Betrieben in moderater Form fortsetzt.<br \/>\n<strong>\u00c2\u00a0<\/strong><br \/>\n<strong>2014 von optimistischen Erwartungen gepr\u00e4gt<\/strong><\/p>\n<p>W\u00e4hrend f\u00fcr das kommende Jahr noch eine gewisse Skepsis bez\u00fcglich der Besch\u00e4ftigungsentwicklung zu erkennen ist, zeigen sich die Betriebe in der Region Rhein-Main f\u00fcr das Jahr 2014 wieder deutlich optimistischer. Rund 20 Prozent aller Betriebe rechnen bis zum Ende dieses Jahres mit einem Zuwachs, nur 4,2 Prozent mit einem R\u00fcckgang der Besch\u00e4ftigung. Zusammengenommen erwarten die Betriebe bis Ende 2014 einen Anstieg der Gesamtbesch\u00e4ftigung von 1,5 Prozent. Dieser Zuwachs wird sektor- und betriebsgr\u00f6\u00dfen\u00fcbergreifend registriert.<\/p>\n<p><strong>Entwicklung sozialversicherungspflichtiger Besch\u00e4ftigung<\/strong><\/p>\n<p>Nach den Daten der Bundesagentur f\u00fcr Arbeit hat sich in den letzten f\u00fcnf Jahren die sozialversicherungspflichtige Besch\u00e4ftigung in Hessen weiter nach oben entwickelt; von rund 2.116 Millionen im M\u00e4rz 2007 auf 2.267 im M\u00e4rz 2012. Hessen bleibt zwar best\u00e4ndig hinter den Entwicklungen des Bundes und der westdeutschen Bundesl\u00e4ndern zur\u00fcck, der Trend des weiteren Wachstums wird aber nach der gerade erst ver\u00f6ffentlichten Konjunkturprognose nicht gebremst. F\u00fcr 2013 wird demnach mit einem Anstieg um weitere 20.000 sozialversicherungspflichtig Besch\u00e4ftigte in Hessen gerechnet.<\/p>\n<p>\u201cIn Hessen bleibt das Verarbeitende Gewerbe die Branche mit den meisten Besch\u00e4ftigten, auch wenn in den letzten f\u00fcnf Jahren dort ein leichter R\u00fcckgang zu verzeichnen ist. Einen gro\u00dfen Anteil an sozialversicherungspflichtig Besch\u00e4ftigten haben ebenfalls der Gro\u00df- und Einzelhandel, die wirtschaftlichen Dienstleistungen und immer mehr auch der Bereich Gesundheits- und Sozialwesen\u00e2\u20ac\u009d, so Frank Martin, Leiter der Regionaldirektion Hessen.<\/p>\n<p>Der Gro\u00dfteil der sozialversicherungspflichtig Besch\u00e4ftigten ist im Regierungsbezirk Darmstadt verortet; insgesamt 1,515 Millionen (Stand: 31.03.2012). Im Regierungsbezirk Gie\u00dfen liegt die Zahl bei rund 330.170 und im Regierungsbezirk Kassel bei etwa 421.400. Den st\u00e4rksten Anstieg in den letzten f\u00fcnf Jahren hat mit 9,0 Prozent in Kassel stattgefunden, gefolgt von Gie\u00dfen mit 7,7 und dem Regierungsbezirk Darmstadt mit 6,5 Prozent.<\/p>\n<p><strong>Hintergrundinformation<\/strong><\/p>\n<p>Gesamtzahl der Besch\u00e4ftigten: Das IWAK befragt die Betriebe nach der Gesamtzahl der im Betrieb Besch\u00e4ftigten \u2013 einschlie\u00dflich t\u00e4tige Inhaber, mithelfende Familienangeh\u00f6rige, Azubis und geringf\u00fcgig Besch\u00e4ftigte.<\/p>\n<p>Sozialversicherungspflichtig Besch\u00e4ftigte (BA) umfassen alle Arbeitnehmer, die kranken-, renten-, pflegeversicherungspflichtig und\/oder beitragspflichtig nach dem Recht der Arbeitsf\u00f6rderung sind oder f\u00fcr die Beitragsanteile zur gesetzlichen Rentenversicherung oder nach dem Recht der Arbeitsf\u00f6rderung zu zahlen sind. Dazu geh\u00f6ren auch insbesondere Auszubildende, Altersteilzeitbesch\u00e4ftigte, Praktikanten, Werkstudenten und Personen, die aus einem sozialversicherungspflichtigen Besch\u00e4ftigungsverh\u00e4ltnis zur Ableistung von gesetzlichen Dienstpflichten (z. B. Wehr\u00fcbung) einberufen werden.<br \/>\nNicht zu den sozialversicherungspflichtig Besch\u00e4ftigten z\u00e4hlen dagegen Beamte, Selbstst\u00e4ndige, mithelfende Familienangeh\u00f6rige, Berufs- und Zeitsoldaten, sowie Wehr- und Zivildienstleistende.<\/p>\n<p>Regionale Abgrenzung: Befragt wurden Betriebe in den Regierungsbezirken Darmstadt und Gie\u00dfen sowie in den St\u00e4dten Aschaffenburg, Mainz, Worms sowie in den Kreisen Aschaffenburg, Miltenberg, Alzey-Worms, Mainz-Bingen.<\/p>\n","protected":false},"excerpt":{"rendered":"<div class=\"tmnf_excerpt\"><p>Frankfurt am Main. Die Betriebe in der Region Rhein-Main erwarten binnen zwei Jahren einen Anstieg der Gesamtbesch\u00e4ftigung. W\u00e4hrend die Zahlen insgesamt f\u00fcr 2013 voraussichtlich unver\u00e4ndert bleiben, soll 2014 die Besch\u00e4ftigung wieder ansteigen. Nach der aktuellen IWAK-Betriebsbefragung halten sich die Zuw\u00e4chse und R\u00fcckg\u00e4nge in der Region bis zum Ende des Jahres 2013 fast die Waage. Geringf\u00fcgig &hellip;<\/p>\n<\/div>","protected":false},"author":1,"featured_media":0,"comment_status":"closed","ping_status":"closed","sticky":false,"template":"","format":"standard","meta":{"footnotes":""},"categories":[1,53],"tags":[],"class_list":["post-105163","post","type-post","status-publish","format-standard","hentry","category-startseite","category-bildung"],"_links":{"self":[{"href":"https:\/\/www.fuldaernachrichten.de\/index.php?rest_route=\/wp\/v2\/posts\/105163","targetHints":{"allow":["GET"]}}],"collection":[{"href":"https:\/\/www.fuldaernachrichten.de\/index.php?rest_route=\/wp\/v2\/posts"}],"about":[{"href":"https:\/\/www.fuldaernachrichten.de\/index.php?rest_route=\/wp\/v2\/types\/post"}],"author":[{"embeddable":true,"href":"https:\/\/www.fuldaernachrichten.de\/index.php?rest_route=\/wp\/v2\/users\/1"}],"replies":[{"embeddable":true,"href":"https:\/\/www.fuldaernachrichten.de\/index.php?rest_route=%2Fwp%2Fv2%2Fcomments&post=105163"}],"version-history":[{"count":1,"href":"https:\/\/www.fuldaernachrichten.de\/index.php?rest_route=\/wp\/v2\/posts\/105163\/revisions"}],"predecessor-version":[{"id":105164,"href":"https:\/\/www.fuldaernachrichten.de\/index.php?rest_route=\/wp\/v2\/posts\/105163\/revisions\/105164"}],"wp:attachment":[{"href":"https:\/\/www.fuldaernachrichten.de\/index.php?rest_route=%2Fwp%2Fv2%2Fmedia&parent=105163"}],"wp:term":[{"taxonomy":"category","embeddable":true,"href":"https:\/\/www.fuldaernachrichten.de\/index.php?rest_route=%2Fwp%2Fv2%2Fcategories&post=105163"},{"taxonomy":"post_tag","embeddable":true,"href":"https:\/\/www.fuldaernachrichten.de\/index.php?rest_route=%2Fwp%2Fv2%2Ftags&post=105163"}],"curies":[{"name":"wp","href":"https:\/\/api.w.org\/{rel}","templated":true}]}}