{"id":105160,"date":"2012-12-20T00:11:08","date_gmt":"2012-12-20T00:11:08","guid":{"rendered":"http:\/\/www.fuldaer-nachrichten.de\/?p=105160"},"modified":"2012-12-20T08:15:44","modified_gmt":"2012-12-20T08:15:44","slug":"horclub-projekt-in-den-winterferien-2013","status":"publish","type":"post","link":"https:\/\/www.fuldaernachrichten.de\/?p=105160","title":{"rendered":"H\u00f6rclub Projekt in den Winterferien 2013"},"content":{"rendered":"<p>Fulda. Das Jugendbildungswerk der Stadt Fulda bietet in Zusammenarbeit mit dem Offenen Kanal Fulda in den Winterferien 2013 f\u00fcr Kinder von 6 bis 12 Jahren ein H\u00f6rclubprojekt an. Folgende Inhalte werden vermittelt:<!--more--><br \/>\nZuh\u00f6ren macht Spa\u00df! Kinder h\u00f6ren gemeinsam, was es alles auf Geschichten-CDs, an Ger\u00e4uschen in der Umgebung und in der Stadt gibt. Zus\u00e4tzliche werden mit digitalen Aufnahmeger\u00e4ten eigene Ger\u00e4usche aufgenommen und es besteht die M\u00f6glichkeit ein eigenes H\u00f6rspiel zu machen. Es gibt jede Menge auf die Ohren und viel Spa\u00df beim Erstellen des H\u00f6rspiels.<\/p>\n<p>Termin: Mo. 07.01. \u2013 Mi. 09.01.2013<br \/>\nUhrzeit: t\u00e4glich von 10.00 Uhr bis 14.00 Uhr<br \/>\nVeranstaltungsort:\u00c2\u00a0 Kinder- und Jugendtreff Zitrone<br \/>\nTeilnahmebeitrag:\u00c2\u00a0 15,- \u00e2\u201a\u00ac (bitte in bar am ersten Tag mitbringen)<\/p>\n<p>Anmeldungen mit Angabe der kompletten Adresse, dem Geburtsdatum des Kindes und Ihrer Unterschrift bitte an das Jugendbildungswerk der Stadt Fulda, Zitronemannsg\u00e4sschen 2, 36037 Fulda. Fax: 0661\/102-2961 \/ E-Mail: heike.muenker@fulda.de<\/p>\n","protected":false},"excerpt":{"rendered":"<div class=\"tmnf_excerpt\"><p>Fulda. Das Jugendbildungswerk der Stadt Fulda bietet in Zusammenarbeit mit dem Offenen Kanal Fulda in den Winterferien 2013 f\u00fcr Kinder von 6 bis 12 Jahren ein H\u00f6rclubprojekt an. Folgende Inhalte werden vermittelt:<\/p>\n<\/div>","protected":false},"author":1,"featured_media":0,"comment_status":"closed","ping_status":"closed","sticky":false,"template":"","format":"standard","meta":{"footnotes":""},"categories":[1,53],"tags":[],"class_list":["post-105160","post","type-post","status-publish","format-standard","hentry","category-startseite","category-bildung"],"_links":{"self":[{"href":"https:\/\/www.fuldaernachrichten.de\/index.php?rest_route=\/wp\/v2\/posts\/105160","targetHints":{"allow":["GET"]}}],"collection":[{"href":"https:\/\/www.fuldaernachrichten.de\/index.php?rest_route=\/wp\/v2\/posts"}],"about":[{"href":"https:\/\/www.fuldaernachrichten.de\/index.php?rest_route=\/wp\/v2\/types\/post"}],"author":[{"embeddable":true,"href":"https:\/\/www.fuldaernachrichten.de\/index.php?rest_route=\/wp\/v2\/users\/1"}],"replies":[{"embeddable":true,"href":"https:\/\/www.fuldaernachrichten.de\/index.php?rest_route=%2Fwp%2Fv2%2Fcomments&post=105160"}],"version-history":[{"count":1,"href":"https:\/\/www.fuldaernachrichten.de\/index.php?rest_route=\/wp\/v2\/posts\/105160\/revisions"}],"predecessor-version":[{"id":105161,"href":"https:\/\/www.fuldaernachrichten.de\/index.php?rest_route=\/wp\/v2\/posts\/105160\/revisions\/105161"}],"wp:attachment":[{"href":"https:\/\/www.fuldaernachrichten.de\/index.php?rest_route=%2Fwp%2Fv2%2Fmedia&parent=105160"}],"wp:term":[{"taxonomy":"category","embeddable":true,"href":"https:\/\/www.fuldaernachrichten.de\/index.php?rest_route=%2Fwp%2Fv2%2Fcategories&post=105160"},{"taxonomy":"post_tag","embeddable":true,"href":"https:\/\/www.fuldaernachrichten.de\/index.php?rest_route=%2Fwp%2Fv2%2Ftags&post=105160"}],"curies":[{"name":"wp","href":"https:\/\/api.w.org\/{rel}","templated":true}]}}