{"id":105152,"date":"2012-12-20T00:13:29","date_gmt":"2012-12-20T00:13:29","guid":{"rendered":"http:\/\/www.fuldaer-nachrichten.de\/?p=105152"},"modified":"2012-12-19T16:54:51","modified_gmt":"2012-12-19T16:54:51","slug":"zum-jahresabschluss-ehrungen-bei-der-caritas-behindertenhilfe-wohnheime","status":"publish","type":"post","link":"https:\/\/www.fuldaernachrichten.de\/?p=105152","title":{"rendered":"Zum Jahresabschluss Ehrungen bei der Caritas Behindertenhilfe \u2013 Wohnheime"},"content":{"rendered":"<p><strong><img decoding=\"async\" class=\"alignleft size-thumbnail wp-image-105153\" title=\"zu-99-cs_Caritas-Wohnheime-Ehrungen-2012\" src=\"http:\/\/www.fuldaer-nachrichten.de\/wp-content\/uploads\/2012\/12\/zu-99-cs_Caritas-Wohnheime-Ehrungen-2012-265x170.jpg\" alt=\"\" width=\"265\" height=\"170\" srcset=\"https:\/\/www.fuldaernachrichten.de\/wp-content\/uploads\/2012\/12\/zu-99-cs_Caritas-Wohnheime-Ehrungen-2012-265x170.jpg 265w, https:\/\/www.fuldaernachrichten.de\/wp-content\/uploads\/2012\/12\/zu-99-cs_Caritas-Wohnheime-Ehrungen-2012.jpg 592w\" sizes=\"(max-width: 265px) 100vw, 265px\" \/>Fulda (cif).<\/strong> Im Rahmen der gemeinsamen Jahresabschlussfeier der Caritas Wohnheime und des Fachdienstes Betreutes Wohnen \/ Begleitetes Wohnen in Familien wurden zwei Mitarbeiterinnen und drei Mitarbeiter f\u00fcr Ihre langj\u00e4hrige Betriebszugeh\u00f6rigkeit geehrt. Bernadette Reinel und Patrick Reith k\u00f6nnen auf zehn Jahre Betriebszugeh\u00f6rigkeit zur\u00fcckblicken. Andrea Zern, Christoph M\u00f6ller und Thomas Vogel sind bereits 20 Jahre f\u00fcr die Caritas Behindertenhilfe t\u00e4tig. Albert M\u00f6ller schlie\u00dflich geh\u00f6rt mittlerweile 25 Jahre zum Team der Caritas Wohnheime.<!--more--><\/p>\n<div>\n<p>Die Ehrungen wurden vom Vorstandsmitglied des Di\u00f6zesancaritasverbands,\u00c2\u00a0 Ansgar Erb, vorgenommen. Ebenso gratulierten der Ressortleiter der Behindertenhilfe, Dominique Vilmin sowie f\u00fcr die Mitarbeitervertretung David Hasenauer den Jubilaren. Die Laudatio hielten Harald Sch\u00e4fer als Koordinator\u00c2\u00a0 f\u00fcrs Betreute Wohnen und Theo M\u00fcnker als Leiter der Wohnheime.<\/p>\n<\/div>\n","protected":false},"excerpt":{"rendered":"<div class=\"tmnf_excerpt\"><p>Fulda (cif). Im Rahmen der gemeinsamen Jahresabschlussfeier der Caritas Wohnheime und des Fachdienstes Betreutes Wohnen \/ Begleitetes Wohnen in Familien wurden zwei Mitarbeiterinnen und drei Mitarbeiter f\u00fcr Ihre langj\u00e4hrige Betriebszugeh\u00f6rigkeit geehrt. Bernadette Reinel und Patrick Reith k\u00f6nnen auf zehn Jahre Betriebszugeh\u00f6rigkeit zur\u00fcckblicken. Andrea Zern, Christoph M\u00f6ller und Thomas Vogel sind bereits 20 Jahre f\u00fcr die &hellip;<\/p>\n<\/div>","protected":false},"author":1,"featured_media":0,"comment_status":"closed","ping_status":"closed","sticky":false,"template":"","format":"standard","meta":{"footnotes":""},"categories":[1],"tags":[],"class_list":["post-105152","post","type-post","status-publish","format-standard","hentry","category-startseite"],"_links":{"self":[{"href":"https:\/\/www.fuldaernachrichten.de\/index.php?rest_route=\/wp\/v2\/posts\/105152","targetHints":{"allow":["GET"]}}],"collection":[{"href":"https:\/\/www.fuldaernachrichten.de\/index.php?rest_route=\/wp\/v2\/posts"}],"about":[{"href":"https:\/\/www.fuldaernachrichten.de\/index.php?rest_route=\/wp\/v2\/types\/post"}],"author":[{"embeddable":true,"href":"https:\/\/www.fuldaernachrichten.de\/index.php?rest_route=\/wp\/v2\/users\/1"}],"replies":[{"embeddable":true,"href":"https:\/\/www.fuldaernachrichten.de\/index.php?rest_route=%2Fwp%2Fv2%2Fcomments&post=105152"}],"version-history":[{"count":0,"href":"https:\/\/www.fuldaernachrichten.de\/index.php?rest_route=\/wp\/v2\/posts\/105152\/revisions"}],"wp:attachment":[{"href":"https:\/\/www.fuldaernachrichten.de\/index.php?rest_route=%2Fwp%2Fv2%2Fmedia&parent=105152"}],"wp:term":[{"taxonomy":"category","embeddable":true,"href":"https:\/\/www.fuldaernachrichten.de\/index.php?rest_route=%2Fwp%2Fv2%2Fcategories&post=105152"},{"taxonomy":"post_tag","embeddable":true,"href":"https:\/\/www.fuldaernachrichten.de\/index.php?rest_route=%2Fwp%2Fv2%2Ftags&post=105152"}],"curies":[{"name":"wp","href":"https:\/\/api.w.org\/{rel}","templated":true}]}}