{"id":105148,"date":"2012-12-20T00:14:42","date_gmt":"2012-12-20T00:14:42","guid":{"rendered":"http:\/\/www.fuldaer-nachrichten.de\/?p=105148"},"modified":"2012-12-19T16:51:11","modified_gmt":"2012-12-19T16:51:11","slug":"rubsam-fachkrafte-zeichnet-jubilare-fur-20-jahrige-betriebszugehorigkeit-aus","status":"publish","type":"post","link":"https:\/\/www.fuldaernachrichten.de\/?p=105148","title":{"rendered":"R\u00dcBSAM Fachkr\u00e4fte zeichnet Jubilare f\u00fcr 20-j\u00e4hrige Betriebszugeh\u00f6rigkeit aus"},"content":{"rendered":"<p><strong><img decoding=\"async\" class=\"alignleft size-thumbnail wp-image-105149\" title=\"20-Jahre\" src=\"http:\/\/www.fuldaer-nachrichten.de\/wp-content\/uploads\/2012\/12\/20-Jahre-265x176.jpg\" alt=\"\" width=\"265\" height=\"176\" srcset=\"https:\/\/www.fuldaernachrichten.de\/wp-content\/uploads\/2012\/12\/20-Jahre-265x176.jpg 265w, https:\/\/www.fuldaernachrichten.de\/wp-content\/uploads\/2012\/12\/20-Jahre.jpg 592w\" sizes=\"(max-width: 265px) 100vw, 265px\" \/>Petersberg<\/strong>. Ehrung f\u00fcr langj\u00e4hriges Engagement: Anl\u00e4sslich der Jubil\u00e4umsfeier \u00c2\u00a0des Petersberger Personaldienstleisters R\u00dcBSAM Fachkr\u00e4fte wurden zehn Mitarbeiter f\u00fcr ihre 20-j\u00e4hrige Zugeh\u00f6rigkeit zum Unternehmen ausgezeichnet. In seiner Festrede sprach Firmeninhaber Erhard R\u00fcbsam den Fachkr\u00e4ften seinen Dank f\u00fcr die stets zuverl\u00e4ssige Arbeit aus: \u201eSie als hochqualifizierte und motivierte Facharbeiter bilden die Basis f\u00fcr die hohe Zufriedenheit unserer Kunden.\u201c <!--more--><\/p>\n<p>Zahlreiche Herausforderungen seien in den letzten Jahren gemeinsam gemeistert worden. Besonders sch\u00e4tzt der Unternehmer das gegenseitige Vertrauen und die Verl\u00e4sslichkeit, die er mit dem Satz \u201eIch verlasse mich auf euch und ihr k\u00f6nnt euch auf uns verlassen\u201c, verdeutlichte. Zugleich wies R\u00fcbsam auf eine Besonderheit hin: \u201eDie durchschnittliche Besch\u00e4ftigung eines Mitarbeiters in einem Zeitarbeitsunternehmen betr\u00e4gt weniger als ein Jahr. Mehr als drei Viertel unserer Mitarbeiter sind l\u00e4nger als f\u00fcnf Jahre bei uns t\u00e4tig. Dies zeigt mir, dass wir mit unserem Konzept, ausschlie\u00dflich unbefristete Arbeitsvertr\u00e4ge anzubieten und unsere Mitarbeiter kontinuierlich weiterzubilden, auf dem richtigen Weg sind.\u201c<\/p>\n<p>F\u00fcr 20-j\u00e4hrige Unternehmenszugeh\u00f6rigkeit wurden geehrt: Klaus Dickoff, Erik Genau, Hans-Joachim Ho\u00dfner, Martin Kallenbach, Michael Lieball, Udo Nehrling,\u00c2\u00a0 Ulrich Schwarz, Gert Seitz, Roland Weber und Hans Wetzl. Daneben wurden insgesamt 66 Fachkr\u00e4fte f\u00fcr ihre f\u00fcnf-, zehn-, und 15-j\u00e4hrige Mitarbeit geehrt.<\/p>\n<p>Zum Foto: Ehrung f\u00fcr langj\u00e4hrige Betriebszugeh\u00f6rigkeit: Erhard R\u00fcbsam (links) mit den Jubilaren sowie den Gesch\u00e4ftsf\u00fchrern Fred Kaiser, Frank Br\u00e4utigam und Roland Jahn (hintere Reihe, von links).<\/p>\n","protected":false},"excerpt":{"rendered":"<div class=\"tmnf_excerpt\"><p>Petersberg. Ehrung f\u00fcr langj\u00e4hriges Engagement: Anl\u00e4sslich der Jubil\u00e4umsfeier \u00c2\u00a0des Petersberger Personaldienstleisters R\u00dcBSAM Fachkr\u00e4fte wurden zehn Mitarbeiter f\u00fcr ihre 20-j\u00e4hrige Zugeh\u00f6rigkeit zum Unternehmen ausgezeichnet. In seiner Festrede sprach Firmeninhaber Erhard R\u00fcbsam den Fachkr\u00e4ften seinen Dank f\u00fcr die stets zuverl\u00e4ssige Arbeit aus: \u201eSie als hochqualifizierte und motivierte Facharbeiter bilden die Basis f\u00fcr die hohe Zufriedenheit unserer Kunden.\u201c<\/p>\n<\/div>","protected":false},"author":1,"featured_media":0,"comment_status":"closed","ping_status":"closed","sticky":false,"template":"","format":"standard","meta":{"footnotes":""},"categories":[1,29],"tags":[],"class_list":["post-105148","post","type-post","status-publish","format-standard","hentry","category-startseite","category-politik"],"_links":{"self":[{"href":"https:\/\/www.fuldaernachrichten.de\/index.php?rest_route=\/wp\/v2\/posts\/105148","targetHints":{"allow":["GET"]}}],"collection":[{"href":"https:\/\/www.fuldaernachrichten.de\/index.php?rest_route=\/wp\/v2\/posts"}],"about":[{"href":"https:\/\/www.fuldaernachrichten.de\/index.php?rest_route=\/wp\/v2\/types\/post"}],"author":[{"embeddable":true,"href":"https:\/\/www.fuldaernachrichten.de\/index.php?rest_route=\/wp\/v2\/users\/1"}],"replies":[{"embeddable":true,"href":"https:\/\/www.fuldaernachrichten.de\/index.php?rest_route=%2Fwp%2Fv2%2Fcomments&post=105148"}],"version-history":[{"count":0,"href":"https:\/\/www.fuldaernachrichten.de\/index.php?rest_route=\/wp\/v2\/posts\/105148\/revisions"}],"wp:attachment":[{"href":"https:\/\/www.fuldaernachrichten.de\/index.php?rest_route=%2Fwp%2Fv2%2Fmedia&parent=105148"}],"wp:term":[{"taxonomy":"category","embeddable":true,"href":"https:\/\/www.fuldaernachrichten.de\/index.php?rest_route=%2Fwp%2Fv2%2Fcategories&post=105148"},{"taxonomy":"post_tag","embeddable":true,"href":"https:\/\/www.fuldaernachrichten.de\/index.php?rest_route=%2Fwp%2Fv2%2Ftags&post=105148"}],"curies":[{"name":"wp","href":"https:\/\/api.w.org\/{rel}","templated":true}]}}