{"id":105147,"date":"2012-12-20T00:10:21","date_gmt":"2012-12-20T00:10:21","guid":{"rendered":"http:\/\/www.fuldaer-nachrichten.de\/?p=105147"},"modified":"2012-12-19T16:49:13","modified_gmt":"2012-12-19T16:49:13","slug":"7-millionen-euro-zusatzlich-fur-beschleunigten-weiterbau-des-tunnels-bei-neuhof","status":"publish","type":"post","link":"https:\/\/www.fuldaernachrichten.de\/?p=105147","title":{"rendered":"7 Millionen EURO zus\u00e4tzlich f\u00fcr beschleunigten Weiterbau des Tunnels bei Neuhof"},"content":{"rendered":"<p>Neuhof. Der Bund verst\u00e4rkt seinen Einsatz beim Gro\u00dfprojekt zum L\u00fcckenschluss der A66. Wie der Wahlkreisabgeordnete Michael Brand mitteilt, wird der Bund im kommenden Jahr 2013 zus\u00e4tzlich 7 Mio. EURO f\u00fcr einen beschleunigten Weiterbau des Tunnels der A66 bei Neuhof zur Verf\u00fcgung stellen. \u201eDer Landkreis Fulda profitiert konkret vom Beschluss des Koalitionsgipfels von CDU, CSU und FDP, der eine zus\u00e4tzliche Anstrengung bei wichtigen Bauma\u00dfnahmen vereinbart hatte\u201c, freute sich Brand, zugleich stellv. Mitglied im Haushaltsausschuss des Deutschen Bundestages, der jetzt in seiner letzten Sitzung vor dem Jahreswechsel das Sonderinvestitionsprogramm zur St\u00e4rkung der Infrastruktur in H\u00f6he von insgesamt 750 Mio. EURO beschlossen hat.<!--more--><br \/>\n\u201eDas unsere Region auf der Projektliste ber\u00fccksichtigt wurde, ist eine gute Nachricht, denn ein z\u00fcgiger L\u00fcckenschluss liegt im gro\u00dfen Interesse vieler Pendler wie Reisender und dient auch der Entlastung der Anwohner entlang der Strecke. Eine gute Verkehrsinfrastruktur ist einer der zentralen Standortvorteile Deutschlands\u201c, betonte der Fuldaer Bundestagsabgeordnete. \u201eGerade Fulda und die osthessische Region in der Mitte Deutschlands profitieren erheblich von der guten Verkehrslage an wichtigen Bundesstra\u00dfen, der A7, der A66 und den wichtigen Schienenwegen.\u201c Brand bezeichnete es als \u201erichtiges wie notwendiges Zukunftssignal\u201c, dass der Bund trotz knapper Haushaltsmittel zus\u00e4tzliche Mittel f\u00fcr die St\u00e4rkung der Infrastruktur investiere.<\/p>\n","protected":false},"excerpt":{"rendered":"<div class=\"tmnf_excerpt\"><p>Neuhof. Der Bund verst\u00e4rkt seinen Einsatz beim Gro\u00dfprojekt zum L\u00fcckenschluss der A66. Wie der Wahlkreisabgeordnete Michael Brand mitteilt, wird der Bund im kommenden Jahr 2013 zus\u00e4tzlich 7 Mio. EURO f\u00fcr einen beschleunigten Weiterbau des Tunnels der A66 bei Neuhof zur Verf\u00fcgung stellen. \u201eDer Landkreis Fulda profitiert konkret vom Beschluss des Koalitionsgipfels von CDU, CSU und &hellip;<\/p>\n<\/div>","protected":false},"author":1,"featured_media":0,"comment_status":"closed","ping_status":"closed","sticky":false,"template":"","format":"standard","meta":{"footnotes":""},"categories":[1,35],"tags":[],"class_list":["post-105147","post","type-post","status-publish","format-standard","hentry","category-startseite","category-auto"],"_links":{"self":[{"href":"https:\/\/www.fuldaernachrichten.de\/index.php?rest_route=\/wp\/v2\/posts\/105147","targetHints":{"allow":["GET"]}}],"collection":[{"href":"https:\/\/www.fuldaernachrichten.de\/index.php?rest_route=\/wp\/v2\/posts"}],"about":[{"href":"https:\/\/www.fuldaernachrichten.de\/index.php?rest_route=\/wp\/v2\/types\/post"}],"author":[{"embeddable":true,"href":"https:\/\/www.fuldaernachrichten.de\/index.php?rest_route=\/wp\/v2\/users\/1"}],"replies":[{"embeddable":true,"href":"https:\/\/www.fuldaernachrichten.de\/index.php?rest_route=%2Fwp%2Fv2%2Fcomments&post=105147"}],"version-history":[{"count":0,"href":"https:\/\/www.fuldaernachrichten.de\/index.php?rest_route=\/wp\/v2\/posts\/105147\/revisions"}],"wp:attachment":[{"href":"https:\/\/www.fuldaernachrichten.de\/index.php?rest_route=%2Fwp%2Fv2%2Fmedia&parent=105147"}],"wp:term":[{"taxonomy":"category","embeddable":true,"href":"https:\/\/www.fuldaernachrichten.de\/index.php?rest_route=%2Fwp%2Fv2%2Fcategories&post=105147"},{"taxonomy":"post_tag","embeddable":true,"href":"https:\/\/www.fuldaernachrichten.de\/index.php?rest_route=%2Fwp%2Fv2%2Ftags&post=105147"}],"curies":[{"name":"wp","href":"https:\/\/api.w.org\/{rel}","templated":true}]}}