{"id":105146,"date":"2012-12-20T00:11:54","date_gmt":"2012-12-20T00:11:54","guid":{"rendered":"http:\/\/www.fuldaer-nachrichten.de\/?p=105146"},"modified":"2012-12-19T16:47:39","modified_gmt":"2012-12-19T16:47:39","slug":"uwag-beratung-nur-am-24-und-31-dezember-geschlossen","status":"publish","type":"post","link":"https:\/\/www.fuldaernachrichten.de\/?p=105146","title":{"rendered":"\u00dcWAG-Beratung nur am 24. und 31. Dezember geschlossen"},"content":{"rendered":"<p>Fulda. Die drei Beratungsstellen der \u00dcWAG \u2013 das \u00dcWAG-Kundenzentrum in der Fuldaer Bahnhofstra\u00dfe 2 sowie der \u00dcWAG-Service in Schl\u00fcchtern in der Wassergasse 4 und in Bad Soden-Salm\u00fcnster in der Rathausstra\u00dfe 1 \u2013 sind an Heiligabend sowie an Silvester geschlossen.An allen anderen Tagen stehen die \u00dcWAG Mitarbeiter zu den gewohnten Zeiten f\u00fcr Fragen und Beratung zur Verf\u00fcgung:<!--more--><\/p>\n<p><strong>\u00dcWAG-Kundenzentrum, Bahnhofstra\u00dfe 2:<\/strong> am Donnerstag, 27. Dezember 2012, und Freitag, 28. Dezember 2012, jeweils von 09:00 \u00c2\u00a0bis 19:00 Uhr, sowie am Samstag, 29. Dezember 2012, in der Zeit von 09:00 bis 13:00 Uhr.<\/p>\n<p><strong>\u00dcWAG-Service Schl\u00fcchtern, Wassergasse 4:<\/strong> am Donnerstag, 27. Dezember 2012, von 14:00 bis 18:00 Uhr und am Freitag, 28. Dezember 2012, von 14:00 bis 17:00 Uhr.<\/p>\n<p><strong>\u00dcWAG-Service Bad Soden-Salm\u00fcnster, Rathausstra\u00dfe 1:<\/strong> am Donnerstag, 28. Dezember 2012, und Freitag, 29. Dezember 2012, jeweils von 08:00 bis 12:00 Uhr.<\/p>\n","protected":false},"excerpt":{"rendered":"<div class=\"tmnf_excerpt\"><p>Fulda. Die drei Beratungsstellen der \u00dcWAG \u2013 das \u00dcWAG-Kundenzentrum in der Fuldaer Bahnhofstra\u00dfe 2 sowie der \u00dcWAG-Service in Schl\u00fcchtern in der Wassergasse 4 und in Bad Soden-Salm\u00fcnster in der Rathausstra\u00dfe 1 \u2013 sind an Heiligabend sowie an Silvester geschlossen.An allen anderen Tagen stehen die \u00dcWAG Mitarbeiter zu den gewohnten Zeiten f\u00fcr Fragen und Beratung zur &hellip;<\/p>\n<\/div>","protected":false},"author":1,"featured_media":0,"comment_status":"closed","ping_status":"closed","sticky":false,"template":"","format":"standard","meta":{"footnotes":""},"categories":[1,29],"tags":[],"class_list":["post-105146","post","type-post","status-publish","format-standard","hentry","category-startseite","category-politik"],"_links":{"self":[{"href":"https:\/\/www.fuldaernachrichten.de\/index.php?rest_route=\/wp\/v2\/posts\/105146","targetHints":{"allow":["GET"]}}],"collection":[{"href":"https:\/\/www.fuldaernachrichten.de\/index.php?rest_route=\/wp\/v2\/posts"}],"about":[{"href":"https:\/\/www.fuldaernachrichten.de\/index.php?rest_route=\/wp\/v2\/types\/post"}],"author":[{"embeddable":true,"href":"https:\/\/www.fuldaernachrichten.de\/index.php?rest_route=\/wp\/v2\/users\/1"}],"replies":[{"embeddable":true,"href":"https:\/\/www.fuldaernachrichten.de\/index.php?rest_route=%2Fwp%2Fv2%2Fcomments&post=105146"}],"version-history":[{"count":0,"href":"https:\/\/www.fuldaernachrichten.de\/index.php?rest_route=\/wp\/v2\/posts\/105146\/revisions"}],"wp:attachment":[{"href":"https:\/\/www.fuldaernachrichten.de\/index.php?rest_route=%2Fwp%2Fv2%2Fmedia&parent=105146"}],"wp:term":[{"taxonomy":"category","embeddable":true,"href":"https:\/\/www.fuldaernachrichten.de\/index.php?rest_route=%2Fwp%2Fv2%2Fcategories&post=105146"},{"taxonomy":"post_tag","embeddable":true,"href":"https:\/\/www.fuldaernachrichten.de\/index.php?rest_route=%2Fwp%2Fv2%2Ftags&post=105146"}],"curies":[{"name":"wp","href":"https:\/\/api.w.org\/{rel}","templated":true}]}}