{"id":105143,"date":"2012-12-20T00:11:55","date_gmt":"2012-12-20T00:11:55","guid":{"rendered":"http:\/\/www.fuldaer-nachrichten.de\/?p=105143"},"modified":"2012-12-19T16:45:22","modified_gmt":"2012-12-19T16:45:22","slug":"tc-grun-weis-meldet-25-teams-fur-die-sommersaison-2013","status":"publish","type":"post","link":"https:\/\/www.fuldaernachrichten.de\/?p=105143","title":{"rendered":"TC Gr\u00fcn-Wei\u00df meldet 25 Teams f\u00fcr die Sommersaison 2013"},"content":{"rendered":"<p><img decoding=\"async\" class=\"alignleft size-thumbnail wp-image-105144\" title=\"facebook-Profilfoto\" src=\"http:\/\/www.fuldaer-nachrichten.de\/wp-content\/uploads\/2012\/12\/facebook-Profilfoto-265x176.jpg\" alt=\"\" width=\"265\" height=\"176\" srcset=\"https:\/\/www.fuldaernachrichten.de\/wp-content\/uploads\/2012\/12\/facebook-Profilfoto-265x176.jpg 265w, https:\/\/www.fuldaernachrichten.de\/wp-content\/uploads\/2012\/12\/facebook-Profilfoto.jpg 592w\" sizes=\"(max-width: 265px) 100vw, 265px\" \/>Fulda. 25 Medenmannschaften und somit drei Teams mehr als noch im Jahr 2012 schickt der TC Gr\u00fcn-Wei\u00df e. V. Fulda in der Sommersaison 2013 an den Start. Mit 13 Jugend-, acht Altersklassen-, einem Damen- und drei Herrenteams ist der TC GW hierbei in allen Bereichen gut aufgestellt.\u00c2\u00a0 <!--more--><\/p>\n<p>Die Herren I (6er) des TC Gr\u00fcn-Wei\u00df starten auch 2013 in der Gruppenliga und stellen hierbei das h\u00f6chstplatzierteste Herrenteam im Tenniskreis Fulda. Die Herren II (6er) treten nach ihrem Aufstieg in der Bezirksoberliga und die Herren III (4er) auf Kreisebene an. Die Damen I (4er) werden 2013 voraussichtlich in der Bezirksoberliga spielen.<\/p>\n<p>Keine gr\u00f6\u00dferen Ver\u00e4nderungen gibt es beim TC Gr\u00fcn-Wei\u00df im Altersklassen-Tennis: Die aufgestiegenen Damen 50 starten ebenso wie die Herren 60 I in der Hessenliga. Die Herren 50 wechseln zur\u00fcck in die Altersklasse Herren 40, in welcher 2013 gemeinsam mit dem etablierten sowie einem neu gemeldeten Team insgesamt drei Teams des TC GW spielen werden. Damen 30, Damen 40 und Herren 60 II starten wie gehabt.<\/p>\n<p>Mit stark erweitertem Konzept tritt der TC GW im Jugendbereich auf den Plan: Neu im Rennen sind aufgrund gro\u00dfen Zulaufs die Teams U10 Gemischt sowie Juniorinnen U14 III. Das Team U12 Gemischt wurde auf Junioren U12 umgestellt. Mit insgesamt zwei Teams im Altersbereich U10, einem U12-Team, vier U14-Teams und sogar sechs U18-Teams betont der TC Gr\u00fcn-Wei\u00df mehr denn je die Bedeutung der Jugendarbeit f\u00fcr die Zukunft des Tennissports.<\/p>\n<p>Auch 2013 wird es umfassende Turnierangebote f\u00fcr alle Altersklassen geben. \u201eDer von GW Fulda zu Beginn der Sommersaison 2012 ausgerichtete HEURICH CUP hat alle Erwartungen \u00fcbertroffen\u201c, freut sich Jugendwart Steve Guy. Mit \u00fcber 120 teilnehmenden Kindern und Jugendlichen aus dem gesamten Bundesgebiet wurde der HEURICH CUP gleich bei seiner ersten Durchf\u00fchrung sensationell gut angenommen, so da\u00df das DTB-Ranglistenturnier auch im April 2013 wieder angeboten werden wird. Hobbyspieler indes kommen vor allem beim w\u00e4hrend der Wintersaison veranstalteten JORDAN CUP, der Tennis-Winterrunde f\u00fcr Fulda und Osthessen, voll auf ihre Kosten; auch bei diesem Turnier stellt der TC GW ein Team, welches gegenw\u00e4rtig dem punktgleichen Tabellenf\u00fchrer Flieden\/Schl\u00fcchtern dicht auf den Fersen ist. Vereinsintern angebotene Schleifchenturniere werden das Angebot des TC GW abrunden; wann diese stattfinden werden, steht laut GW-Vereinsvorsitzendem Karsten A\u00dfmann allerdings noch in den Sternen: \u201eWenn es l\u00e4uft wie im Sommer 2012, als sehr viele unserer Teams acht Medenspieltage zu bew\u00e4ltigen hatten, dann wird es eng im Terminkalender.\u201c A\u00dfmann ist dennoch zuversichtlich, f\u00fcr Freizeitspieler den einen oder anderen Termin f\u00fcr ein Hobbyturnier zu finden.<\/p>\n<p>Die konkreten Ligaeinteilungen wird der Hessische Tennisverband gegen Ende Januar 2013 bekanntgeben. Namentliche Meldungen einzelner Spielerinnen und Spieler k\u00f6nnen sogar bis zum 15. M\u00e4rz 2013 erfolgen; bis zu diesem Datum also k\u00f6nnen interessierte Tennisspieler durch den Verein ihrer Wahl f\u00fcr den Mannschaftsspielbetrieb noch an- bzw. umgemeldet werden. Der TC GW nimmt Neumitglieder jedes Alters gerne auf und integriert sie, sofern die Anmeldung bis zum 15. M\u00e4rz 2013 erfolgt, auf Wunsch auch umgehend in den Spielbetrieb.<\/p>\n","protected":false},"excerpt":{"rendered":"<div class=\"tmnf_excerpt\"><p>Fulda. 25 Medenmannschaften und somit drei Teams mehr als noch im Jahr 2012 schickt der TC Gr\u00fcn-Wei\u00df e. V. Fulda in der Sommersaison 2013 an den Start. Mit 13 Jugend-, acht Altersklassen-, einem Damen- und drei Herrenteams ist der TC GW hierbei in allen Bereichen gut aufgestellt.\u00c2\u00a0<\/p>\n<\/div>","protected":false},"author":1,"featured_media":0,"comment_status":"closed","ping_status":"closed","sticky":false,"template":"","format":"standard","meta":{"footnotes":""},"categories":[1,46],"tags":[],"class_list":["post-105143","post","type-post","status-publish","format-standard","hentry","category-startseite","category-sport"],"_links":{"self":[{"href":"https:\/\/www.fuldaernachrichten.de\/index.php?rest_route=\/wp\/v2\/posts\/105143","targetHints":{"allow":["GET"]}}],"collection":[{"href":"https:\/\/www.fuldaernachrichten.de\/index.php?rest_route=\/wp\/v2\/posts"}],"about":[{"href":"https:\/\/www.fuldaernachrichten.de\/index.php?rest_route=\/wp\/v2\/types\/post"}],"author":[{"embeddable":true,"href":"https:\/\/www.fuldaernachrichten.de\/index.php?rest_route=\/wp\/v2\/users\/1"}],"replies":[{"embeddable":true,"href":"https:\/\/www.fuldaernachrichten.de\/index.php?rest_route=%2Fwp%2Fv2%2Fcomments&post=105143"}],"version-history":[{"count":1,"href":"https:\/\/www.fuldaernachrichten.de\/index.php?rest_route=\/wp\/v2\/posts\/105143\/revisions"}],"predecessor-version":[{"id":105145,"href":"https:\/\/www.fuldaernachrichten.de\/index.php?rest_route=\/wp\/v2\/posts\/105143\/revisions\/105145"}],"wp:attachment":[{"href":"https:\/\/www.fuldaernachrichten.de\/index.php?rest_route=%2Fwp%2Fv2%2Fmedia&parent=105143"}],"wp:term":[{"taxonomy":"category","embeddable":true,"href":"https:\/\/www.fuldaernachrichten.de\/index.php?rest_route=%2Fwp%2Fv2%2Fcategories&post=105143"},{"taxonomy":"post_tag","embeddable":true,"href":"https:\/\/www.fuldaernachrichten.de\/index.php?rest_route=%2Fwp%2Fv2%2Ftags&post=105143"}],"curies":[{"name":"wp","href":"https:\/\/api.w.org\/{rel}","templated":true}]}}