{"id":105142,"date":"2012-12-20T00:10:22","date_gmt":"2012-12-20T00:10:22","guid":{"rendered":"http:\/\/www.fuldaer-nachrichten.de\/?p=105142"},"modified":"2012-12-19T16:42:58","modified_gmt":"2012-12-19T16:42:58","slug":"hessens-verkehrsminister-rentsch-begrust-beginn-der-planungen-fur-den-aus-bzw-neubau-der-strecke-hanau-wurzburgfulda","status":"publish","type":"post","link":"https:\/\/www.fuldaernachrichten.de\/?p=105142","title":{"rendered":"Hessens Verkehrsminister Rentsch begr\u00fc\u00dft Beginn der Planungen f\u00fcr den Aus- bzw. Neubau der Strecke Hanau-W\u00fcrzburg\/Fulda"},"content":{"rendered":"<p>Wiesbaden. \u201eDer Stillstand bei wichtigen Bahnprojekten in Hessen muss dringend \u00fcberwunden werden. Deshalb ist es eine gute und lang erwartete Nachricht f\u00fcr Hessen, dass der Bund nun bei einer Reihe von Vorhaben die Planungen anlaufen l\u00e4sst. In Hessen betrifft das vor allem den Aus- bzw. Neubau der Strecke Hanau-W\u00fcrzburg\/Fulda\u201c, kommentierte Hessens Wirtschaftsminister Florian Rentsch den Abschluss einer Vereinbarung zwischen dem Bundesverkehrsministerium und der DB AG. Danach wird der Bund die Grundlagenermittlungen und Vorplanungen f\u00fcr eine ganze Reihe von bundesweiten Vorhaben des Bedarfsplans f\u00fcr die Bundesschienenwege finanzieren.<!--more--><br \/>\n\u201eIn Hessen betrifft es au\u00dferdem den \u00fcberf\u00e4lligen Einstieg in den Ausbau des Knotens Frankfurt. Dies ist wie der Aus- bzw. Neubau der Strecke Hanau-W\u00fcrzburg\/Fulda von zentraler Bedeutung f\u00fcr das deutsche Streckennetz\u201c, erl\u00e4uterte Rentsch.<\/p>\n<p>Der Minister erinnerte daran, dass sich das Land Hessen, die Stadt Frankfurt, die Region und die Bahn mit dem Leitprojekt Frankfurt RheinMainplus schon 2003 auf konkrete Ma\u00dfnahmen f\u00fcr den Ausbau des Knotenpunkts Frankfurt verst\u00e4ndigt hatten. \u201eEine gro\u00dfe Zahl der damals verabredeten Ma\u00dfnahmen ist noch nicht umgesetzt. Deshalb bin ich sehr froh, wenn jetzt endlich Bewegung in die Sache kommt. Das Land Hessen wird wie bisher alles tun, die Vorhaben zu unterst\u00fctzen, damit sie schnellstm\u00f6glich realisiert werden k\u00f6nnen. Frankfurt ist Deutschlands Verkehrsknoten schlechthin; jede Investition in seine Infrastruktur ist eine Investition in die Zukunftsf\u00e4higkeit unserer Volkswirtschaft.\u201c<\/p>\n<p>Zusammen mit dem Vorstandsvorsitzenden der DB Netz AG, Oliver Kraft, wird der Hessische Verkehrsminister Florian Rentsch am 30. Januar 2013 in einer Pressekonferenz in Wiesbaden \u00fcber die Rahmenbedingungen und den Start des Gro\u00dfprojektes &#8220;ABS\/NBS Hanau-W\u00fcrzburg\/Fulda&#8221; informieren.<\/p>\n","protected":false},"excerpt":{"rendered":"<div class=\"tmnf_excerpt\"><p>Wiesbaden. \u201eDer Stillstand bei wichtigen Bahnprojekten in Hessen muss dringend \u00fcberwunden werden. Deshalb ist es eine gute und lang erwartete Nachricht f\u00fcr Hessen, dass der Bund nun bei einer Reihe von Vorhaben die Planungen anlaufen l\u00e4sst. In Hessen betrifft das vor allem den Aus- bzw. Neubau der Strecke Hanau-W\u00fcrzburg\/Fulda\u201c, kommentierte Hessens Wirtschaftsminister Florian Rentsch den &hellip;<\/p>\n<\/div>","protected":false},"author":1,"featured_media":0,"comment_status":"closed","ping_status":"closed","sticky":false,"template":"","format":"standard","meta":{"footnotes":""},"categories":[1,35],"tags":[],"class_list":["post-105142","post","type-post","status-publish","format-standard","hentry","category-startseite","category-auto"],"_links":{"self":[{"href":"https:\/\/www.fuldaernachrichten.de\/index.php?rest_route=\/wp\/v2\/posts\/105142","targetHints":{"allow":["GET"]}}],"collection":[{"href":"https:\/\/www.fuldaernachrichten.de\/index.php?rest_route=\/wp\/v2\/posts"}],"about":[{"href":"https:\/\/www.fuldaernachrichten.de\/index.php?rest_route=\/wp\/v2\/types\/post"}],"author":[{"embeddable":true,"href":"https:\/\/www.fuldaernachrichten.de\/index.php?rest_route=\/wp\/v2\/users\/1"}],"replies":[{"embeddable":true,"href":"https:\/\/www.fuldaernachrichten.de\/index.php?rest_route=%2Fwp%2Fv2%2Fcomments&post=105142"}],"version-history":[{"count":0,"href":"https:\/\/www.fuldaernachrichten.de\/index.php?rest_route=\/wp\/v2\/posts\/105142\/revisions"}],"wp:attachment":[{"href":"https:\/\/www.fuldaernachrichten.de\/index.php?rest_route=%2Fwp%2Fv2%2Fmedia&parent=105142"}],"wp:term":[{"taxonomy":"category","embeddable":true,"href":"https:\/\/www.fuldaernachrichten.de\/index.php?rest_route=%2Fwp%2Fv2%2Fcategories&post=105142"},{"taxonomy":"post_tag","embeddable":true,"href":"https:\/\/www.fuldaernachrichten.de\/index.php?rest_route=%2Fwp%2Fv2%2Ftags&post=105142"}],"curies":[{"name":"wp","href":"https:\/\/api.w.org\/{rel}","templated":true}]}}