{"id":105135,"date":"2012-12-20T00:13:26","date_gmt":"2012-12-20T00:13:26","guid":{"rendered":"http:\/\/www.fuldaer-nachrichten.de\/?p=105135"},"modified":"2012-12-19T16:33:56","modified_gmt":"2012-12-19T16:33:56","slug":"heilig-geist-seniorenzentrum-zahlt-laut-focus-zu-deutschlands-top-pflegeheimen","status":"publish","type":"post","link":"https:\/\/www.fuldaernachrichten.de\/?p=105135","title":{"rendered":"Heilig Geist Seniorenzentrum z\u00e4hlt laut Focus zu Deutschlands TOP-Pflegeheimen"},"content":{"rendered":"<p><img decoding=\"async\" class=\"alignleft size-thumbnail wp-image-105136\" title=\"Focus-Spezial_TOP-Heilig-Geist-Seniorenzentrum\" src=\"http:\/\/www.fuldaer-nachrichten.de\/wp-content\/uploads\/2012\/12\/Focus-Spezial_TOP-Heilig-Geist-Seniorenzentrum-265x176.jpg\" alt=\"\" width=\"265\" height=\"176\" srcset=\"https:\/\/www.fuldaernachrichten.de\/wp-content\/uploads\/2012\/12\/Focus-Spezial_TOP-Heilig-Geist-Seniorenzentrum-265x176.jpg 265w, https:\/\/www.fuldaernachrichten.de\/wp-content\/uploads\/2012\/12\/Focus-Spezial_TOP-Heilig-Geist-Seniorenzentrum.jpg 592w\" sizes=\"(max-width: 265px) 100vw, 265px\" \/>Fulda. Das Nachrichtenmagazin FOCUS ver\u00f6ffentlicht aktuell ein Sonderheft FOCUS-Spezial zu dem Thema \u201eWohnen und Leben im Alter\u201c, mit\u00c2\u00a0 einer Liste von Deutschlands TOP-Pflegeheimen. In der Bewertung von mehr als 10.000 station\u00e4ren Altenpflegeeinrichtungen erreicht das Heilig Geist Seniorenzentrum eine Spitzenbewertung in Deutschland.<!--more--><\/p>\n<p>Die FOCUS-Liste bietet f\u00fcr potentielle Bewohner und deren Angeh\u00f6rige den ersten bundesweiten \u00dcberblick \u00fcber die bestbenoteten Pflegeeinrichtungen auf Basis der Pr\u00fcfungen des Medizinischen Dienstes der Krankenversicherung (MDK). In die Liste aufgenommen wurden nur \u00c2\u00a0Pflegeheime, die bei der Pr\u00fcfung durch den MDK die Bestnote (1,0) vorweisen konnten. Die MDK-Experten bewerteten unter anderem die Qualit\u00e4tsbereiche der Pflegeeinrichtungen mittels der Teilkriterien: Pflege und medizinische Versorgung, Umgang mit demenzkranken Menschen, soziale Betreuung und Alltagsgestaltung sowie Wohnung und Verpflegung. Ebenso waren Angaben zu Tr\u00e4gerschaft, Ausstattung, Hygiene, Zimmer- und Gartengr\u00f6\u00dfe sowie die Preisgestaltung der H\u00e4user ma\u00dfgeblich.<\/p>\n<p>Auch die Befragung der Bewohner war Bestandteil der Recherche. Die Auswertung der Pflegeheime ist nach Bundesl\u00e4ndern gegliedert: Das Heilig Geist Seniorenzentrum z\u00e4hlt demnach zu den\u00c2\u00a0 63 besten Heimen in Hessen. \u201eWir freuen uns \u00fcber die TOP-Platzierung in der FOCUS-Liste, die eine gro\u00dfe Aussagekraft hat und die kontinuierliche Einhaltung unseres hohen Qualit\u00e4tsstandards in unserem Seniorenzentrum unterstreicht\u201c, erkl\u00e4rte Dietmar Pawlik, Vorstand Administration und Gesch\u00e4ftsf\u00fchrer der Klinikum Fulda Seniorenzentren GmbH. Auch die Gesch\u00e4ftsbereich- und Einrichtungsleiterin Anne Nei\u00df freut sich \u00fcber die Auszeichnung: \u201eIch bin sehr stolz auf die Leistungen der Mitarbeiter und Ehramtlichen. Gemeinsam ist es uns gelungen in unserer Einrichtung den h\u00f6chsten Anspr\u00fcchen an Pflegequalit\u00e4t gerecht zu werden. Gleichzeitig ist im \u00c2\u00a0Heilig Geist Seniorenzentrum jederzeit die durch menschliche W\u00e4rme gepr\u00e4gte Atmosph\u00e4re f\u00fcr unsere Bewohner in ihrem Zuhause sp\u00fcrbar.&#8221;<\/p>\n<p>Das Heilig Geist Seniorenzentrum geh\u00f6rt seit 2005 zur Klinikum Fulda gAG und ging im Jahr 2012 in die Klinikum Fulda Seniorenzentren GmbH \u00fcber. Es werden Bewohner\/-innen aller Pflegestufen vollstation\u00e4r gepflegt und betreut. F\u00fcr mobile und verhaltensauff\u00e4llige Demenzkranke gibt es den Bereich \u201eVergissmeinnicht\u00e2\u20ac\u009d mit einem im Innenhof befindlichen Garten, der eine Terrasse mit lauschigen Sitzpl\u00e4tzen, einen Brunnen, Hochbeete und zwei Tiergehege enth\u00e4lt. Zwei gro\u00dfe parkartig angelegte Innenh\u00f6fe, davon ein Sinnesgarten, laden zudem zum Verweilen ein. \u201eDen guten Geist des Hauses pr\u00e4gen die freundlichen und qualifizierten Mitarbeiterinnen und Mitarbeiter, die rund um die Uhr f\u00fcr unsere Bewohner da sind\u201c, unterstreicht Pflegedienstleiter Ottmar Kl\u00fcber.<\/p>\n<p>Fotov.li. Ottmar Kl\u00fcber, Anne Nei\u00df, Simone Staubach, Janina Brudek, Olga Lohmann, Tuba Akbulut<\/p>\n<p>&nbsp;<\/p>\n<p><strong>\u00c2\u00a0<\/strong><\/p>\n","protected":false},"excerpt":{"rendered":"<div class=\"tmnf_excerpt\"><p>Fulda. Das Nachrichtenmagazin FOCUS ver\u00f6ffentlicht aktuell ein Sonderheft FOCUS-Spezial zu dem Thema \u201eWohnen und Leben im Alter\u201c, mit\u00c2\u00a0 einer Liste von Deutschlands TOP-Pflegeheimen. In der Bewertung von mehr als 10.000 station\u00e4ren Altenpflegeeinrichtungen erreicht das Heilig Geist Seniorenzentrum eine Spitzenbewertung in Deutschland.<\/p>\n<\/div>","protected":false},"author":1,"featured_media":0,"comment_status":"closed","ping_status":"closed","sticky":false,"template":"","format":"standard","meta":{"footnotes":""},"categories":[1,51],"tags":[],"class_list":["post-105135","post","type-post","status-publish","format-standard","hentry","category-startseite","category-medizin"],"_links":{"self":[{"href":"https:\/\/www.fuldaernachrichten.de\/index.php?rest_route=\/wp\/v2\/posts\/105135","targetHints":{"allow":["GET"]}}],"collection":[{"href":"https:\/\/www.fuldaernachrichten.de\/index.php?rest_route=\/wp\/v2\/posts"}],"about":[{"href":"https:\/\/www.fuldaernachrichten.de\/index.php?rest_route=\/wp\/v2\/types\/post"}],"author":[{"embeddable":true,"href":"https:\/\/www.fuldaernachrichten.de\/index.php?rest_route=\/wp\/v2\/users\/1"}],"replies":[{"embeddable":true,"href":"https:\/\/www.fuldaernachrichten.de\/index.php?rest_route=%2Fwp%2Fv2%2Fcomments&post=105135"}],"version-history":[{"count":0,"href":"https:\/\/www.fuldaernachrichten.de\/index.php?rest_route=\/wp\/v2\/posts\/105135\/revisions"}],"wp:attachment":[{"href":"https:\/\/www.fuldaernachrichten.de\/index.php?rest_route=%2Fwp%2Fv2%2Fmedia&parent=105135"}],"wp:term":[{"taxonomy":"category","embeddable":true,"href":"https:\/\/www.fuldaernachrichten.de\/index.php?rest_route=%2Fwp%2Fv2%2Fcategories&post=105135"},{"taxonomy":"post_tag","embeddable":true,"href":"https:\/\/www.fuldaernachrichten.de\/index.php?rest_route=%2Fwp%2Fv2%2Ftags&post=105135"}],"curies":[{"name":"wp","href":"https:\/\/api.w.org\/{rel}","templated":true}]}}