{"id":105126,"date":"2012-12-19T00:10:53","date_gmt":"2012-12-19T00:10:53","guid":{"rendered":"http:\/\/www.fuldaer-nachrichten.de\/?p=105126"},"modified":"2012-12-19T08:43:09","modified_gmt":"2012-12-19T08:43:09","slug":"arbeitsagenturen-und-familienkasse-bleiben-geschlossen","status":"publish","type":"post","link":"https:\/\/www.fuldaernachrichten.de\/?p=105126","title":{"rendered":"Arbeitsagenturen und Familienkasse bleiben geschlossen &#8211; Wehrdienstberatung f\u00e4llt aus"},"content":{"rendered":"<p align=\"left\">Fulda\/Bad Hersfeld. Die Agenturen f\u00fcr Arbeit in Fulda und Bad Hersfeld samt den Gesch\u00e4ftsstellen in H\u00fcnfeld und Bebra sowie die Familienkasse in Bad Hersfeld bleiben am 24. und 31. Dezember geschlossen. Zwischen den Jahren gelten die regul\u00e4ren \u00d6ffnungszeiten.<!--more--><\/p>\n<p align=\"left\"><strong>Wehrdienstberatung f\u00e4llt aus<\/strong><\/p>\n<p align=\"left\">Fulda. Wie die Agentur f\u00fcr Arbeit Fulda mitteilt, f\u00e4llt die urspr\u00fcnglich f\u00fcr den 20. Dezember angek\u00fcndigte Wehrdienstberatung in der Arbeitsagentur Fulda aus.<\/p>\n","protected":false},"excerpt":{"rendered":"<div class=\"tmnf_excerpt\"><p>Fulda\/Bad Hersfeld. Die Agenturen f\u00fcr Arbeit in Fulda und Bad Hersfeld samt den Gesch\u00e4ftsstellen in H\u00fcnfeld und Bebra sowie die Familienkasse in Bad Hersfeld bleiben am 24. und 31. Dezember geschlossen. Zwischen den Jahren gelten die regul\u00e4ren \u00d6ffnungszeiten.<\/p>\n<\/div>","protected":false},"author":1,"featured_media":0,"comment_status":"closed","ping_status":"closed","sticky":false,"template":"","format":"standard","meta":{"footnotes":""},"categories":[1],"tags":[],"class_list":["post-105126","post","type-post","status-publish","format-standard","hentry","category-startseite"],"_links":{"self":[{"href":"https:\/\/www.fuldaernachrichten.de\/index.php?rest_route=\/wp\/v2\/posts\/105126","targetHints":{"allow":["GET"]}}],"collection":[{"href":"https:\/\/www.fuldaernachrichten.de\/index.php?rest_route=\/wp\/v2\/posts"}],"about":[{"href":"https:\/\/www.fuldaernachrichten.de\/index.php?rest_route=\/wp\/v2\/types\/post"}],"author":[{"embeddable":true,"href":"https:\/\/www.fuldaernachrichten.de\/index.php?rest_route=\/wp\/v2\/users\/1"}],"replies":[{"embeddable":true,"href":"https:\/\/www.fuldaernachrichten.de\/index.php?rest_route=%2Fwp%2Fv2%2Fcomments&post=105126"}],"version-history":[{"count":1,"href":"https:\/\/www.fuldaernachrichten.de\/index.php?rest_route=\/wp\/v2\/posts\/105126\/revisions"}],"predecessor-version":[{"id":105127,"href":"https:\/\/www.fuldaernachrichten.de\/index.php?rest_route=\/wp\/v2\/posts\/105126\/revisions\/105127"}],"wp:attachment":[{"href":"https:\/\/www.fuldaernachrichten.de\/index.php?rest_route=%2Fwp%2Fv2%2Fmedia&parent=105126"}],"wp:term":[{"taxonomy":"category","embeddable":true,"href":"https:\/\/www.fuldaernachrichten.de\/index.php?rest_route=%2Fwp%2Fv2%2Fcategories&post=105126"},{"taxonomy":"post_tag","embeddable":true,"href":"https:\/\/www.fuldaernachrichten.de\/index.php?rest_route=%2Fwp%2Fv2%2Ftags&post=105126"}],"curies":[{"name":"wp","href":"https:\/\/api.w.org\/{rel}","templated":true}]}}