{"id":105119,"date":"2012-12-19T00:12:40","date_gmt":"2012-12-19T00:12:40","guid":{"rendered":"http:\/\/www.fuldaer-nachrichten.de\/?p=105119"},"modified":"2012-12-19T08:33:50","modified_gmt":"2012-12-19T08:33:50","slug":"landrat-gorig-spd-uberreicht-12-000-euro-an-den-vfl-lauterbach-investitionsforderung-fur-den-behindertensport","status":"publish","type":"post","link":"https:\/\/www.fuldaernachrichten.de\/?p=105119","title":{"rendered":"Landrat G\u00f6rig (SPD) \u00fcberreicht 12.000 Euro an den VfL Lauterbach \u2013 Investitionsf\u00f6rderung f\u00fcr den Behindertensport"},"content":{"rendered":"<p><img decoding=\"async\" class=\"alignleft size-thumbnail wp-image-105120\" title=\"att80a21\" src=\"http:\/\/www.fuldaer-nachrichten.de\/wp-content\/uploads\/2012\/12\/att80a21-265x163.jpg\" alt=\"\" width=\"265\" height=\"163\" srcset=\"https:\/\/www.fuldaernachrichten.de\/wp-content\/uploads\/2012\/12\/att80a21-265x163.jpg 265w, https:\/\/www.fuldaernachrichten.de\/wp-content\/uploads\/2012\/12\/att80a21.jpg 512w\" sizes=\"(max-width: 265px) 100vw, 265px\" \/>Lauterbach. \u201eSport ist wichtig f\u00fcr die Familien, vor allem der Breitensport. Die Vielfalt der Angebote macht unseren Landkreis attraktiv. Das gilt auch f\u00fcr den Behindertensport.\u201c Dies sagte Landrat Manfred G\u00f6rig (SPD), als er vor wenigen Tagen einen Bescheid \u00fcber 12.000 Euro an den VfL Lauterbach \u00fcberreichte. Das Geld dient der Mitfinanzierung eines behindertengerechten Ausbaus des Sportlerheims. Als Erster Kreisbeigeordneter habe er im Juni dem VfL diese Unterst\u00fctzung in Aussicht gestellt. Er freue sich, dass er dieses Versprechen nun einl\u00f6sen k\u00f6nne.<!--more--><\/p>\n<p>Landrat G\u00f6rig machte erneut deutlich, wie wichtig ihm die F\u00f6rderung der Sportvereine sei. Die Resonanz auf die neue Richtlinie, die die F\u00f6rderung der Jugend in den Vordergrund stellen, bezeichnete er als \u201ehervorragend\u201c. Auch Investitionen w\u00fcrden nun wieder zuverl\u00e4ssig vom Kreis unterst\u00fctzt. Sport sei ein wesentlicher Bestandteil der Daseinsvorsorge und der Infrastruktur. Daher habe er darauf gedr\u00e4ngt, bei den Schutzschirmkriterien \u201eden Sport ordentlich raus zu halten\u201c. Gute Jugendarbeit sei immer auch Gesellschaftspolitik und nachhaltige Pr\u00e4vention.<\/p>\n<p>Manfred G\u00f6rig lobte gegen\u00fcber dem\u00c2\u00a0 Vorsitzenden des VfL, Dirk L\u00fcnzer, die Arbeit des VfL, auch im Hinblick auf die Integration des Behindertensports in das Angebot. L\u00fcnzers Stellvertreter Steffen Senger machte deutlich: \u201eWir haben einen sozialen Auftrag.\u201c Hans-Joachim Ge\u00dfner von der Abteilung Rollstuhl-Sport im VfL betonte, dass die Bereitschaft f\u00fcrs Ehrenamt unverzichtbar und \u201eausbauf\u00e4hig\u201c sei.<\/p>\n<p>VfL-Schriftf\u00fchrer Manfred Kuhlmann erl\u00e4uterte das Projekt, das nun auch vom Landkreis gef\u00f6rdert wird: Der VfL Lauterbach 1919 e.V. mit seinen \u00fcber 500 Mitgliedern leiste in seiner Jugendarbeit (\u00fcber 250 Kinder und Jugendliche in Fu\u00dfball und Tischtennis) sowie bei Senioren (Koronarsportgruppe mit etwa 75 Mitgliedern) weitreichende Sozialarbeit.<\/p>\n<p>2011 sei die soziale Ausrichtung des Vereins durch die Gr\u00fcndung einer Behindertensportgruppe nochmals verst\u00e4rkt worden. Der \u00fcberregionale Zuspruch am sportlichen Angebot f\u00fcr Rollstuhlfahrer (zur Zeit Rollstuhlrugby und Tischtennis) werde immer st\u00e4rker und erfordere einen behindertengerechten Umbau des 40 Jahre alten Sportlerheims.<\/p>\n<p>Die Ausbauma\u00dfnahme sei dringlich, damit der VfL mehr Sport und zus\u00e4tzliche gemeinsame Aktionen\/Aktivit\u00e4ten f\u00fcr die Behinderten anbieten k\u00f6nnen. Dies sei die Grundvoraussetzung, um die Behindertensportgruppe weiter entwickeln zu k\u00f6nnen.<\/p>\n<p>Es bestehe momentan nicht die M\u00f6glichkeit von organisierten Treffen, da die veralteten sanit\u00e4ren Anlagen und Zugangsm\u00f6glichkeiten nicht rollstuhlgerecht ausgelegt sind. Das Baukonzept sehe vor, einen behindertengeeigneten Weg und Zugang ins VfL-Geb\u00e4ude schaffen, den\u00c2\u00a0 Einbau einer behindertengerechten Toilette vorzunehmen sowie einen rollstuhlgerechten\u00c2\u00a0 Umkleide- und Duschbereich zu schaffen, der den gehandicapten Menschen optimale Nutzungsm\u00f6glichkeiten biete. Der Verein gibt die Gesamtkosten mit rund 120.000 Euro an.\u00c2\u00a0 Der VfL rechnet damit, dass sich neben der Stadt Lauterbach und dem Vogelsbergkreis auch das Land Hessen und der Landessportbund an der Finanzierung beteiligen werden. Man hofft, im Fr\u00fchjahr 2013 mit der Bauma\u00dfnahme beginnen zu k\u00f6nnen.<\/p>\n<p>Zum Foto: Unterst\u00fctzung f\u00fcr den Behindertensport beim VfL Lauterbach \u2013 unser Foto zeigt von links Steffen Senger, Dirk L\u00fcnzer, Hans-Joachim Ge\u00dfner, Landrat Manfred G\u00f6rig, Manfred Kuhlmann. Foto: Erich Ruhl, Pressestelle Vogelsbergkreis<\/p>\n","protected":false},"excerpt":{"rendered":"<div class=\"tmnf_excerpt\"><p>Lauterbach. \u201eSport ist wichtig f\u00fcr die Familien, vor allem der Breitensport. Die Vielfalt der Angebote macht unseren Landkreis attraktiv. Das gilt auch f\u00fcr den Behindertensport.\u201c Dies sagte Landrat Manfred G\u00f6rig (SPD), als er vor wenigen Tagen einen Bescheid \u00fcber 12.000 Euro an den VfL Lauterbach \u00fcberreichte. Das Geld dient der Mitfinanzierung eines behindertengerechten Ausbaus des &hellip;<\/p>\n<\/div>","protected":false},"author":1,"featured_media":0,"comment_status":"closed","ping_status":"closed","sticky":false,"template":"","format":"standard","meta":{"footnotes":""},"categories":[1,29,46],"tags":[],"class_list":["post-105119","post","type-post","status-publish","format-standard","hentry","category-startseite","category-politik","category-sport"],"_links":{"self":[{"href":"https:\/\/www.fuldaernachrichten.de\/index.php?rest_route=\/wp\/v2\/posts\/105119","targetHints":{"allow":["GET"]}}],"collection":[{"href":"https:\/\/www.fuldaernachrichten.de\/index.php?rest_route=\/wp\/v2\/posts"}],"about":[{"href":"https:\/\/www.fuldaernachrichten.de\/index.php?rest_route=\/wp\/v2\/types\/post"}],"author":[{"embeddable":true,"href":"https:\/\/www.fuldaernachrichten.de\/index.php?rest_route=\/wp\/v2\/users\/1"}],"replies":[{"embeddable":true,"href":"https:\/\/www.fuldaernachrichten.de\/index.php?rest_route=%2Fwp%2Fv2%2Fcomments&post=105119"}],"version-history":[{"count":0,"href":"https:\/\/www.fuldaernachrichten.de\/index.php?rest_route=\/wp\/v2\/posts\/105119\/revisions"}],"wp:attachment":[{"href":"https:\/\/www.fuldaernachrichten.de\/index.php?rest_route=%2Fwp%2Fv2%2Fmedia&parent=105119"}],"wp:term":[{"taxonomy":"category","embeddable":true,"href":"https:\/\/www.fuldaernachrichten.de\/index.php?rest_route=%2Fwp%2Fv2%2Fcategories&post=105119"},{"taxonomy":"post_tag","embeddable":true,"href":"https:\/\/www.fuldaernachrichten.de\/index.php?rest_route=%2Fwp%2Fv2%2Ftags&post=105119"}],"curies":[{"name":"wp","href":"https:\/\/api.w.org\/{rel}","templated":true}]}}