{"id":105109,"date":"2012-12-19T00:12:48","date_gmt":"2012-12-19T00:12:48","guid":{"rendered":"http:\/\/www.fuldaer-nachrichten.de\/?p=105109"},"modified":"2012-12-19T08:23:55","modified_gmt":"2012-12-19T08:23:55","slug":"musical-vom-sinn-der-weihnacht-als-spendenprojekt","status":"publish","type":"post","link":"https:\/\/www.fuldaernachrichten.de\/?p=105109","title":{"rendered":"Musical \u201eVom Sinn der Weihnacht\u201c als Spendenprojekt"},"content":{"rendered":"<p><strong><\/strong><img decoding=\"async\" class=\"alignleft size-thumbnail wp-image-105110\" title=\"417322_316086201823521_1020369294_n\" src=\"http:\/\/www.fuldaer-nachrichten.de\/wp-content\/uploads\/2012\/12\/417322_316086201823521_1020369294_n-265x176.jpg\" alt=\"\" width=\"265\" height=\"176\" srcset=\"https:\/\/www.fuldaernachrichten.de\/wp-content\/uploads\/2012\/12\/417322_316086201823521_1020369294_n-265x176.jpg 265w, https:\/\/www.fuldaernachrichten.de\/wp-content\/uploads\/2012\/12\/417322_316086201823521_1020369294_n.jpg 600w\" sizes=\"(max-width: 265px) 100vw, 265px\" \/>Petersberg. Das Musical \u201eVom Sinn der Weihnacht\u201c des Petersberger Komponisten Steffen Dargatz wird in diesem Jahr von der Pfarrjugend von St. Peter\/Petersberg und St. Paulus\/Fulda wieder neu aufgelegt. Bereits im Jahr 2006 wurde das musikalische Krippenspiel erstmals in der Rabanus-Maurus-Kirche am Petersberg gezeigt. Darsteller, Band und alle anderen Mitwirkenden kommen wie schon beim letzten Mal zum gro\u00dfen Teil aus der Pfarrjugend und m\u00f6chten auch in 2012 f\u00fcr ein unvergessliches Musical-Erlebnis zwischen den Jahren sorgen.<!--more--><\/p>\n<p>Alle Einnahmen des Projektes werden an das Projekt \u201eFeuerkinder\u201c gespendet, bei dem verschiedene \u00c4rzte (u.a. Dr. Hohenberger aus Fulda) Kinder in Afrika unentgeltlich medizinisch versorgen. Die Vorstellungen sind am 28.12. um 19.00 Uhr, sowie am 29.12. um 17.00 Uhr und 20.00 Uhr. Einlass ist jeweils eine halbe Stunde vor Vorstellungsbeginn. Die Eintrittskarten kosten 6\u00e2\u201a\u00ac und sind im Pfarrb\u00fcro am Petersberg (Am Ziegelberg 26, Fon: 0661\/62289, \u00d6ffnungszeiten: MO 9-12 + 15-18 Uhr; DI-FR 9-12 Uhr), zu erhalten.<\/p>\n<p>&nbsp;<\/p>\n<p>&nbsp;<\/p>\n","protected":false},"excerpt":{"rendered":"<div class=\"tmnf_excerpt\"><p>Petersberg. Das Musical \u201eVom Sinn der Weihnacht\u201c des Petersberger Komponisten Steffen Dargatz wird in diesem Jahr von der Pfarrjugend von St. Peter\/Petersberg und St. Paulus\/Fulda wieder neu aufgelegt. Bereits im Jahr 2006 wurde das musikalische Krippenspiel erstmals in der Rabanus-Maurus-Kirche am Petersberg gezeigt. Darsteller, Band und alle anderen Mitwirkenden kommen wie schon beim letzten Mal &hellip;<\/p>\n<\/div>","protected":false},"author":1,"featured_media":0,"comment_status":"closed","ping_status":"closed","sticky":false,"template":"","format":"standard","meta":{"footnotes":""},"categories":[1,44],"tags":[],"class_list":["post-105109","post","type-post","status-publish","format-standard","hentry","category-startseite","category-kultur"],"_links":{"self":[{"href":"https:\/\/www.fuldaernachrichten.de\/index.php?rest_route=\/wp\/v2\/posts\/105109","targetHints":{"allow":["GET"]}}],"collection":[{"href":"https:\/\/www.fuldaernachrichten.de\/index.php?rest_route=\/wp\/v2\/posts"}],"about":[{"href":"https:\/\/www.fuldaernachrichten.de\/index.php?rest_route=\/wp\/v2\/types\/post"}],"author":[{"embeddable":true,"href":"https:\/\/www.fuldaernachrichten.de\/index.php?rest_route=\/wp\/v2\/users\/1"}],"replies":[{"embeddable":true,"href":"https:\/\/www.fuldaernachrichten.de\/index.php?rest_route=%2Fwp%2Fv2%2Fcomments&post=105109"}],"version-history":[{"count":0,"href":"https:\/\/www.fuldaernachrichten.de\/index.php?rest_route=\/wp\/v2\/posts\/105109\/revisions"}],"wp:attachment":[{"href":"https:\/\/www.fuldaernachrichten.de\/index.php?rest_route=%2Fwp%2Fv2%2Fmedia&parent=105109"}],"wp:term":[{"taxonomy":"category","embeddable":true,"href":"https:\/\/www.fuldaernachrichten.de\/index.php?rest_route=%2Fwp%2Fv2%2Fcategories&post=105109"},{"taxonomy":"post_tag","embeddable":true,"href":"https:\/\/www.fuldaernachrichten.de\/index.php?rest_route=%2Fwp%2Fv2%2Ftags&post=105109"}],"curies":[{"name":"wp","href":"https:\/\/api.w.org\/{rel}","templated":true}]}}