{"id":105091,"date":"2012-12-18T00:18:36","date_gmt":"2012-12-18T00:18:36","guid":{"rendered":"http:\/\/www.fuldaer-nachrichten.de\/?p=105091"},"modified":"2012-12-18T11:31:56","modified_gmt":"2012-12-18T11:31:56","slug":"neuer-kirchplatz-und-rundweg-im-ortskern-burghaun","status":"publish","type":"post","link":"https:\/\/www.fuldaernachrichten.de\/?p=105091","title":{"rendered":"Neuer Kirchplatz und Rundweg im Ortskern Burghaun"},"content":{"rendered":"<p><img fetchpriority=\"high\" decoding=\"async\" class=\"alignleft size-thumbnail wp-image-105092\" title=\"IMG_0998\" src=\"http:\/\/www.fuldaer-nachrichten.de\/wp-content\/uploads\/2012\/12\/IMG_0998-265x198.jpg\" alt=\"\" width=\"265\" height=\"198\" srcset=\"https:\/\/www.fuldaernachrichten.de\/wp-content\/uploads\/2012\/12\/IMG_0998-265x198.jpg 265w, https:\/\/www.fuldaernachrichten.de\/wp-content\/uploads\/2012\/12\/IMG_0998.jpg 592w\" sizes=\"(max-width: 265px) 100vw, 265px\" \/>Burghaun. Am vergangenen Samstag konnte B\u00fcrgermeister Alexander Hohmann mit zahlreichen G\u00e4sten im Rahmen des historischen Weihnachtsmarktes in der Stadtstra\u00dfe den neuen Kirchplatz und den Rundweg an der Haune einweihen. B\u00fcrgermeister Hohmann erkl\u00e4rte, dass das Projekt schon seit Jahrzehnten mehr oder weniger erfolgreich betrieben wurde. Aber erst in diesem Fr\u00fchjahr konnte der Grunderwerb abgeschlossen werden. Der neue Kirchplatz inmitten des Ortskerns Burghaun soll nun nach erfolgreicher Arbeit als Treffpunkt f\u00fcr Zusammenk\u00fcnfte von jungen und alten Mitb\u00fcrgern genutzt werden. Da der Platz einen soziologischen Raum f\u00fcr Kommunikation darstellt, wurde die Ma\u00dfnahme vom Europ\u00e4ischen Fond f\u00fcr regionale Entwicklung finanziell gef\u00f6rdert. Mit insgesamt 145.000 Euro betr\u00e4gt die F\u00f6rderquote 50 Prozent. Hinzu kamen ebenfalls noch 15.000 Euro aus dem F\u00f6rderprogramm der einfachen Stadterneuerung.<!--more--><\/p>\n<p>Die bisher angenommenen Kosten von 230.000 Euro f\u00fcr den Kirchplatz und die 60.000 Euro f\u00fcr den Rundweg an der Haune wurden nach Aussage des B\u00fcrgermeisters unterschritten. Insgesamt wurden 30.000 Euro auf Grund guter Kostenkontrolle eingespart. Somit haben die Aufwendungen f\u00fcr den Kirchplatz rund 207.000 Euro betragen und f\u00fcr den Rundweg 52.000 Euro. Alexander Hohmann dankte an dieser Stelle in besonderem Ma\u00dfe der evangelischen Kirchengemeinde, die mit viel Rat und Tat und flei\u00dfigen Helfern den Ausbau unterst\u00fctzten.<\/p>\n<p><img decoding=\"async\" class=\"alignnone size-thumbnail wp-image-105094\" title=\"IMG_1032\" src=\"http:\/\/www.fuldaer-nachrichten.de\/wp-content\/uploads\/2012\/12\/IMG_1032-265x198.jpg\" alt=\"\" width=\"265\" height=\"198\" srcset=\"https:\/\/www.fuldaernachrichten.de\/wp-content\/uploads\/2012\/12\/IMG_1032-265x198.jpg 265w, https:\/\/www.fuldaernachrichten.de\/wp-content\/uploads\/2012\/12\/IMG_1032.jpg 592w\" sizes=\"(max-width: 265px) 100vw, 265px\" \/> <img decoding=\"async\" class=\"alignnone size-thumbnail wp-image-105093\" title=\"IMG_1003\" src=\"http:\/\/www.fuldaer-nachrichten.de\/wp-content\/uploads\/2012\/12\/IMG_1003-265x198.jpg\" alt=\"\" width=\"265\" height=\"198\" srcset=\"https:\/\/www.fuldaernachrichten.de\/wp-content\/uploads\/2012\/12\/IMG_1003-265x198.jpg 265w, https:\/\/www.fuldaernachrichten.de\/wp-content\/uploads\/2012\/12\/IMG_1003.jpg 592w\" sizes=\"(max-width: 265px) 100vw, 265px\" \/><\/p>\n<p>Die Planungen wurden von dem B\u00fcro Herget &amp; Wienr\u00f6der aus Eichenzell \u00fcbernommen. Auch\u00c2\u00a0 Architekt Elmar Herget freute sich \u00fcber den enormen Zusammenhalt in Burghaun. Er lobte im Besonderen die Anwohner der Stadtstra\u00dfe, die mit ihrer Unterst\u00fctzung einen vorbildlichen Einsatz geleistet haben. F\u00fcr den Ortsvorsteher Michael B\u00e4tza erf\u00fcllte sich ein pers\u00f6nlich lang ersehnter Wunsch mit dem Ausbau des Platzes. Er lasse den Kern von Burghaun in neuem Glanz erstrahlen, so B\u00e4tza. Der evangelische Pfarrer Johannes Zechmeister und der katholische Pfarrer Gerhard Bug, beide\u00c2\u00a0 direkte Nachbarn des Platzes, sprachen ebenfalls ihren Dank f\u00fcr das gelungene Erscheinungsbild aus und sprachen gemeinsam ein Dankgebet.<\/p>\n<p>Gemeinsam mit dem Architekten Elmar Herget, den beiden Pfarrern und dem Ortsvorsteher Michael B\u00e4tza enth\u00fcllte B\u00fcrgermeister Alexander Hohmann feierlich einen Gedenkstein, der an die Bauarbeiten mit Hilfe der europ\u00e4ischen F\u00f6rdermittel erinnern soll.<\/p>\n<p>&nbsp;<\/p>\n<p>&nbsp;<\/p>\n<p>&nbsp;<\/p>\n<p>&nbsp;<\/p>\n<p>&nbsp;<\/p>\n","protected":false},"excerpt":{"rendered":"<div class=\"tmnf_excerpt\"><p>Burghaun. Am vergangenen Samstag konnte B\u00fcrgermeister Alexander Hohmann mit zahlreichen G\u00e4sten im Rahmen des historischen Weihnachtsmarktes in der Stadtstra\u00dfe den neuen Kirchplatz und den Rundweg an der Haune einweihen. B\u00fcrgermeister Hohmann erkl\u00e4rte, dass das Projekt schon seit Jahrzehnten mehr oder weniger erfolgreich betrieben wurde. Aber erst in diesem Fr\u00fchjahr konnte der Grunderwerb abgeschlossen werden. Der &hellip;<\/p>\n<\/div>","protected":false},"author":1,"featured_media":0,"comment_status":"closed","ping_status":"closed","sticky":false,"template":"","format":"standard","meta":{"footnotes":""},"categories":[1],"tags":[],"class_list":["post-105091","post","type-post","status-publish","format-standard","hentry","category-startseite"],"_links":{"self":[{"href":"https:\/\/www.fuldaernachrichten.de\/index.php?rest_route=\/wp\/v2\/posts\/105091","targetHints":{"allow":["GET"]}}],"collection":[{"href":"https:\/\/www.fuldaernachrichten.de\/index.php?rest_route=\/wp\/v2\/posts"}],"about":[{"href":"https:\/\/www.fuldaernachrichten.de\/index.php?rest_route=\/wp\/v2\/types\/post"}],"author":[{"embeddable":true,"href":"https:\/\/www.fuldaernachrichten.de\/index.php?rest_route=\/wp\/v2\/users\/1"}],"replies":[{"embeddable":true,"href":"https:\/\/www.fuldaernachrichten.de\/index.php?rest_route=%2Fwp%2Fv2%2Fcomments&post=105091"}],"version-history":[{"count":0,"href":"https:\/\/www.fuldaernachrichten.de\/index.php?rest_route=\/wp\/v2\/posts\/105091\/revisions"}],"wp:attachment":[{"href":"https:\/\/www.fuldaernachrichten.de\/index.php?rest_route=%2Fwp%2Fv2%2Fmedia&parent=105091"}],"wp:term":[{"taxonomy":"category","embeddable":true,"href":"https:\/\/www.fuldaernachrichten.de\/index.php?rest_route=%2Fwp%2Fv2%2Fcategories&post=105091"},{"taxonomy":"post_tag","embeddable":true,"href":"https:\/\/www.fuldaernachrichten.de\/index.php?rest_route=%2Fwp%2Fv2%2Ftags&post=105091"}],"curies":[{"name":"wp","href":"https:\/\/api.w.org\/{rel}","templated":true}]}}