{"id":105083,"date":"2012-12-18T00:20:18","date_gmt":"2012-12-18T00:20:18","guid":{"rendered":"http:\/\/www.fuldaer-nachrichten.de\/?p=105083"},"modified":"2012-12-18T11:19:37","modified_gmt":"2012-12-18T11:19:37","slug":"drama-die-unsichtbare-am-freitag-im-cafe-panama","status":"publish","type":"post","link":"https:\/\/www.fuldaernachrichten.de\/?p=105083","title":{"rendered":"Drama  &#8220;Die Unsichtbare&#8221; am Freitag im Caf\u00e9 Panama"},"content":{"rendered":"<p><img fetchpriority=\"high\" decoding=\"async\" class=\"alignleft size-thumbnail wp-image-105084\" title=\"Plakat\" src=\"http:\/\/www.fuldaer-nachrichten.de\/wp-content\/uploads\/2012\/12\/Plakat-265x372.jpg\" alt=\"\" width=\"265\" height=\"372\" srcset=\"https:\/\/www.fuldaernachrichten.de\/wp-content\/uploads\/2012\/12\/Plakat-265x372.jpg 265w, https:\/\/www.fuldaernachrichten.de\/wp-content\/uploads\/2012\/12\/Plakat-188x265.jpg 188w, https:\/\/www.fuldaernachrichten.de\/wp-content\/uploads\/2012\/12\/Plakat-427x600.jpg 427w, https:\/\/www.fuldaernachrichten.de\/wp-content\/uploads\/2012\/12\/Plakat.jpg 600w\" sizes=\"(max-width: 265px) 100vw, 265px\" \/>Fulda. Die Kultur- und Kinoinitiative Fulda e.V. zeigt am Freitag, dem 21.12.2012, um 20:00 Uhr im Caf\u00e9 Panama in der Langebr\u00fcckenstr. 14, 36037 Fulda, das Drama\u00c2\u00a0 &#8220;Die Unsichtbare&#8221;.\u00c2\u00a0 Regie: Christian Schwochow, Land:\u00c2\u00a0 D\/F 2011, Spielzeit: 113, Genre: Drama FSK: 12, Darsteller: Stine Fischer Christensen (Josephine &#8216;Fine&#8217; Lorenz), Ulrich Noethen (Kaspar Friedmann), Dagmar Manzel (Susanne Lorenz), Christina Drechsler (Jule Lorenz), Ronald Zehrfeld (Joachim), Anna Maria M\u00fche (Irina), Ulrich Matthes (Ben K\u00e4stner), Matthias Weidenh\u00f6fer (Christoph Werner), Gudrun Landgrebe (Vera), Corinna Harfouch (Nina), Christian Althoff (Olaf) , Spielort: Cafe Panama, (Eintritt 4 EUR | erm\u00e4\u00dfigt 3EUR).<!--more--><\/p>\n<p>Kurzinhalt: Als der bekannte Theaterregisseur Kaspar Friedmann ausgerechnet der zur\u00fcckhaltenden und sch\u00fcchternen Schauspielsch\u00fclerin Fine die Hauptrolle in seiner neuesten Inszenierung gibt, ist die 21-J\u00e4hrige gefordert. Der Regisseur treibt Fines Auseinandersetzung mit ihrer extrovertierten und kaputten Rolle an ihre Grenzen. Auf Kosten ihres Privat- und Familienlebens droht Fine sich auf der Suche nach ihrem Selbst zu verlieren.<\/p>\n<p>Als der bekannte Theaterregisseur Kaspar Friedmann ausgerechnet der zur\u00fcckhaltenden und sch\u00fcchternen Schauspielsch\u00fclerin Fine die Hauptrolle in seiner neuesten Inszenierung gibt, ist die 21-J\u00e4hrige gefordert. Der Regisseur treibt Fines Auseinandersetzung mit ihrer extrovertierten und kaputten Rolle an ihre Grenzen. Auf Kosten ihres Privat- und Familienlebens droht Fine sich auf der Suche nach ihrem Selbst zu verlieren.<\/p>\n","protected":false},"excerpt":{"rendered":"<div class=\"tmnf_excerpt\"><p>Fulda. Die Kultur- und Kinoinitiative Fulda e.V. zeigt am Freitag, dem 21.12.2012, um 20:00 Uhr im Caf\u00e9 Panama in der Langebr\u00fcckenstr. 14, 36037 Fulda, das Drama\u00c2\u00a0 &#8220;Die Unsichtbare&#8221;.\u00c2\u00a0 Regie: Christian Schwochow, Land:\u00c2\u00a0 D\/F 2011, Spielzeit: 113, Genre: Drama FSK: 12, Darsteller: Stine Fischer Christensen (Josephine &#8216;Fine&#8217; Lorenz), Ulrich Noethen (Kaspar Friedmann), Dagmar Manzel (Susanne Lorenz), &hellip;<\/p>\n<\/div>","protected":false},"author":1,"featured_media":0,"comment_status":"closed","ping_status":"closed","sticky":false,"template":"","format":"standard","meta":{"footnotes":""},"categories":[1,44],"tags":[],"class_list":["post-105083","post","type-post","status-publish","format-standard","hentry","category-startseite","category-kultur"],"_links":{"self":[{"href":"https:\/\/www.fuldaernachrichten.de\/index.php?rest_route=\/wp\/v2\/posts\/105083","targetHints":{"allow":["GET"]}}],"collection":[{"href":"https:\/\/www.fuldaernachrichten.de\/index.php?rest_route=\/wp\/v2\/posts"}],"about":[{"href":"https:\/\/www.fuldaernachrichten.de\/index.php?rest_route=\/wp\/v2\/types\/post"}],"author":[{"embeddable":true,"href":"https:\/\/www.fuldaernachrichten.de\/index.php?rest_route=\/wp\/v2\/users\/1"}],"replies":[{"embeddable":true,"href":"https:\/\/www.fuldaernachrichten.de\/index.php?rest_route=%2Fwp%2Fv2%2Fcomments&post=105083"}],"version-history":[{"count":0,"href":"https:\/\/www.fuldaernachrichten.de\/index.php?rest_route=\/wp\/v2\/posts\/105083\/revisions"}],"wp:attachment":[{"href":"https:\/\/www.fuldaernachrichten.de\/index.php?rest_route=%2Fwp%2Fv2%2Fmedia&parent=105083"}],"wp:term":[{"taxonomy":"category","embeddable":true,"href":"https:\/\/www.fuldaernachrichten.de\/index.php?rest_route=%2Fwp%2Fv2%2Fcategories&post=105083"},{"taxonomy":"post_tag","embeddable":true,"href":"https:\/\/www.fuldaernachrichten.de\/index.php?rest_route=%2Fwp%2Fv2%2Ftags&post=105083"}],"curies":[{"name":"wp","href":"https:\/\/api.w.org\/{rel}","templated":true}]}}