{"id":105077,"date":"2012-12-18T00:11:52","date_gmt":"2012-12-18T00:11:52","guid":{"rendered":"http:\/\/www.fuldaer-nachrichten.de\/?p=105077"},"modified":"2012-12-17T15:12:50","modified_gmt":"2012-12-17T15:12:50","slug":"veranstaltungsprogramm-2013-der-katholischen-jungen-gemeinde-kjg-im-bistum-fulda-erschienen","status":"publish","type":"post","link":"https:\/\/www.fuldaernachrichten.de\/?p=105077","title":{"rendered":"Veranstaltungsprogramm 2013 der Katholischen Jungen Gemeinde (KjG) im Bistum Fulda erschienen"},"content":{"rendered":"<p><strong><img fetchpriority=\"high\" decoding=\"async\" class=\"alignleft size-thumbnail wp-image-105078\" title=\"Wir-leben-es-2013\" src=\"http:\/\/www.fuldaer-nachrichten.de\/wp-content\/uploads\/2012\/12\/Wir-leben-es-2013-265x373.jpg\" alt=\"\" width=\"265\" height=\"373\" srcset=\"https:\/\/www.fuldaernachrichten.de\/wp-content\/uploads\/2012\/12\/Wir-leben-es-2013-265x373.jpg 265w, https:\/\/www.fuldaernachrichten.de\/wp-content\/uploads\/2012\/12\/Wir-leben-es-2013.jpg 399w\" sizes=\"(max-width: 265px) 100vw, 265px\" \/>Fulda. <\/strong>Die Katholische Junge Gemeinde Fulda bietet auch im Jahr 2013 wieder ein breit gef\u00e4chertes Angebot f\u00fcr Kinder, Jugendliche und junge Erwachsene im Bistum Fulda an. F\u00fcr eine Teilnahme an den Aktionen ist die Mitgliedschaft in dem Kinder- und Jugendverband nicht notwendig, da das Programm allen Interessierten offen steht.<\/p>\n<p>So werden in den Sommerferien f\u00fcr Kinder Zeltlager in der Rh\u00f6n oder in Nordhessen angeboten und f\u00fcr Jugendliche besteht die M\u00f6glichkeit einer H\u00fcttentour nach Slowenien. Im integrativen Freizeitbereich bietet die KjG zwei Veranstaltungen an, die Interessierte nach Kleinsassen in die Rh\u00f6n oder nach Tossens an die Nordsee f\u00fchren. Neben den Sommerfreizeiten finden sich auch zu anderen Terminen weitere Veranstaltungen. Hier sind beispielhaft ein Klosterwochenende f\u00fcr Jugendliche nach M\u00fcnsterschwarzach oder eine Bildungsfahrt nach Dresden zu nennen.<!--more--><\/p>\n<p>Auch im Fortbildungsbereich finden sich Angebote f\u00fcr Jugendliche und junge Erwachsene wieder. Mehrere Gruppenleiterkurse und Schulungen zu speziellen Themen pr\u00e4gen das Programm.<\/p>\n<p>Weitere Informationen sind im Internet unter <a href=\"http:\/\/www.kjg-fulda.de\/\">www.kjg-fulda.de<\/a> erh\u00e4ltlich oder in der gerade erschienenen \u201eWir leben es!\u201c Brosch\u00fcre, welche in der KjG Di\u00f6zesanstelle Fulda, Paulustor 5, erh\u00e4ltlich ist. Weitere Informationen auch unter 0661\/87462 oder per Mail an <a href=\"mailto:kjg@bistum-fulda.de\">kjg@bistum-fulda.de<\/a>.<\/p>\n<p><strong>\u00c2\u00a0<\/strong><\/p>\n","protected":false},"excerpt":{"rendered":"<div class=\"tmnf_excerpt\"><p>Fulda. Die Katholische Junge Gemeinde Fulda bietet auch im Jahr 2013 wieder ein breit gef\u00e4chertes Angebot f\u00fcr Kinder, Jugendliche und junge Erwachsene im Bistum Fulda an. F\u00fcr eine Teilnahme an den Aktionen ist die Mitgliedschaft in dem Kinder- und Jugendverband nicht notwendig, da das Programm allen Interessierten offen steht. So werden in den Sommerferien f\u00fcr &hellip;<\/p>\n<\/div>","protected":false},"author":1,"featured_media":0,"comment_status":"closed","ping_status":"closed","sticky":false,"template":"","format":"standard","meta":{"footnotes":""},"categories":[1,50],"tags":[],"class_list":["post-105077","post","type-post","status-publish","format-standard","hentry","category-startseite","category-kirche"],"_links":{"self":[{"href":"https:\/\/www.fuldaernachrichten.de\/index.php?rest_route=\/wp\/v2\/posts\/105077","targetHints":{"allow":["GET"]}}],"collection":[{"href":"https:\/\/www.fuldaernachrichten.de\/index.php?rest_route=\/wp\/v2\/posts"}],"about":[{"href":"https:\/\/www.fuldaernachrichten.de\/index.php?rest_route=\/wp\/v2\/types\/post"}],"author":[{"embeddable":true,"href":"https:\/\/www.fuldaernachrichten.de\/index.php?rest_route=\/wp\/v2\/users\/1"}],"replies":[{"embeddable":true,"href":"https:\/\/www.fuldaernachrichten.de\/index.php?rest_route=%2Fwp%2Fv2%2Fcomments&post=105077"}],"version-history":[{"count":0,"href":"https:\/\/www.fuldaernachrichten.de\/index.php?rest_route=\/wp\/v2\/posts\/105077\/revisions"}],"wp:attachment":[{"href":"https:\/\/www.fuldaernachrichten.de\/index.php?rest_route=%2Fwp%2Fv2%2Fmedia&parent=105077"}],"wp:term":[{"taxonomy":"category","embeddable":true,"href":"https:\/\/www.fuldaernachrichten.de\/index.php?rest_route=%2Fwp%2Fv2%2Fcategories&post=105077"},{"taxonomy":"post_tag","embeddable":true,"href":"https:\/\/www.fuldaernachrichten.de\/index.php?rest_route=%2Fwp%2Fv2%2Ftags&post=105077"}],"curies":[{"name":"wp","href":"https:\/\/api.w.org\/{rel}","templated":true}]}}