{"id":105073,"date":"2012-12-18T00:13:23","date_gmt":"2012-12-18T00:13:23","guid":{"rendered":"http:\/\/www.fuldaer-nachrichten.de\/?p=105073"},"modified":"2012-12-17T13:32:14","modified_gmt":"2012-12-17T13:32:14","slug":"ehrungen-beim-regionalcaritasverband","status":"publish","type":"post","link":"https:\/\/www.fuldaernachrichten.de\/?p=105073","title":{"rendered":"Ehrungen beim Regionalcaritasverband"},"content":{"rendered":"<p><img decoding=\"async\" class=\"alignleft size-thumbnail wp-image-105074\" title=\"017-RCV-Adventsfeier-101212-wim\" src=\"http:\/\/www.fuldaer-nachrichten.de\/wp-content\/uploads\/2012\/12\/017-RCV-Adventsfeier-101212-wim-265x128.jpg\" alt=\"\" width=\"265\" height=\"128\" srcset=\"https:\/\/www.fuldaernachrichten.de\/wp-content\/uploads\/2012\/12\/017-RCV-Adventsfeier-101212-wim-265x128.jpg 265w, https:\/\/www.fuldaernachrichten.de\/wp-content\/uploads\/2012\/12\/017-RCV-Adventsfeier-101212-wim.jpg 592w\" sizes=\"(max-width: 265px) 100vw, 265px\" \/>Fulda. 335 Jahre waren 17 Mitarbeiterinnen und Mitarbeiter, die f\u00fcr 10, 20, 25, 30 und 40 Jahre T\u00e4tigkeit im Caritasverband f\u00fcr die Regionen Fulda und Geisa geehrt wurden, f\u00fcr Menschen in Not oder der ambulanten h\u00e4uslichen Pflege im Dienst. W\u00e4hrend der Adventsfeier im Kolpinghaus in H\u00fcnfeld erhielten sie vom Vorsitzenden Pfarrer Dr. Dagobert Vonderau und Gesch\u00e4ftsf\u00fchrer Christian Reuter als besondere Anerkennung f\u00fcr vorbildliche T\u00e4tigkeit und als Zeichen der Dankbarkeit die Ehrenurkunde und die Caritasnadel \u00fcberreicht. <!--more--><\/p>\n<p>In der t\u00e4glichen Arbeit sei sp\u00fcrbar, \u00c2\u00a0dass die Aufgaben in den unterschiedlichen Diensten der Caritas nicht weniger w\u00fcrden. Die wirtschaftliche und seelische Not von Menschen vergr\u00f6\u00dfere sich und die Mitarbeiterinnen und Mitarbeiter in der Sozialarbeit oder in der ambulanten h\u00e4uslichen Pflege w\u00fcrden stark gefordert. Als Komplexanbieter sozialer Dienstleistungen in Hessen und in Th\u00fcringen, in Stadt und Landkreis Fulda und im Wartburgkreis habe der Verband eine relevante Marktdurchdringung erreicht, so der Gesch\u00e4ftsf\u00fchrer.<\/p>\n<p>Mit Recht sei der Caritasregionalverband stolz auf seine langj\u00e4hrigen Mitarbeiterinnen und Mitarbeiter, b\u00f6ten sie doch die vielen best\u00e4ndigen und treuen H\u00e4nde, die die Caritas brauche. Sie h\u00e4tten, w\u00e4hrend ihrer vielen Dienstjahre, ihre Zeit Menschen in Not geschenkt und kostbar werden lassen f\u00fcr die Menschen und f\u00fcr sich selbst, erg\u00e4nzte der Vorstandsvorsitzende.<\/p>\n<p>Die Adventsfeier hatte mit\u00c2\u00a0 einem Dankgottesdienst in der Jakobuskirche H\u00fcnfeld begonnen. Friede, Freundlichkeit, Licht und Hoffnung br\u00e4uchten die Menschen in der ruhelosen Welt mehr denn je. Deshalb m\u00fcssten die Caritasmitarbeiterinnen und \u2013mitarbeiter zu lebendigen Steinen werden, die Eck- und Bausteine seien, so wie das Kind in der Krippe zum Baustein, Fundament und Hoffnungstr\u00e4ger f\u00fcr eine damals schon ruhelose Welt geworden sei, ermunterte Pfarrer Dr. Dagobert Vonderau in seiner Predigt.<\/p>\n<p>In seiner R\u00fcckschau sprach Gesch\u00e4ftsf\u00fchrer Christian Reuter von einem wahrlich ereignisreiches Jahr, das durch die Verabschiedung des langj\u00e4hrigen Gesch\u00e4ftsf\u00fchrer\u00c2\u00a0 Winfried M\u00f6ller und die \u00dcbernahme der Gesch\u00e4ftsf\u00fchrung durch ihn gepr\u00e4gt worden sei. Er dankte f\u00fcr das Vertrauen, dass ihm neben Vorstand und Mitarbeiterschaft auch die Zuwendungsgeber wie Bistum Fulda, Stadt und Landkreis Fulda, der Wartburgkreis, der Landeswohlfahrtsverband Hessen sowie die Tr\u00e4ger sozialer Arbeit in den Regionen Fulda und Geisa entgegengebracht h\u00e4tten und f\u00fcr Gottes Segen, der die Arbeit begleite.<\/p>\n<p><strong>Ehrungen:<\/strong><\/p>\n<p><strong>10 Jahre: <\/strong>Lilia Bonert, Burghaun, Ulrike Leinweber, Rommerz, Larissa Marquart, Bad Salzschlirf, Katharina M\u00fcller, Thalau, Marion Sch\u00fctz, Dipperz,<strong><br \/>\n20 Jahre: <\/strong>Ingrid Breuksch, Geisa, Manuela Kiesler, Geisa, Monika Niestroj, Dietershan, Doris Ritz, Apfelbach, Manfred Sauer, Fulda, Bernhild Schel, Buttlar, Bernd Schr\u00f6der, Petersberg, Ursula Vogler, Oberrode,<strong><br \/>\n25 Jahre<\/strong>: Martin Watzlawik, Lehnerz,<strong><br \/>\n30 Jahre: <\/strong>Monika Brandt, Eichenzell, Maria Spies, Leimbach<strong><br \/>\n40 Jahre: <\/strong>Marianne Helfrich, Lehnerz<\/p>\n<p>Foto: Caritasverband Fulda-Geisa\/ Winfried M\u00f6ller<br \/>\nVorstandsvorsitzender Pfarrer Dr. Dagobert Vonderau (links) und Gesch\u00e4ftsf\u00fchrer Christian Reuter (rechts) ehrten w\u00e4hrend der Adventsfeier im Kolpinghaus H\u00fcnfeld langj\u00e4hrige Mitarbeiterinnen und Mitarbeiter.<br \/>\n(v.l.n.r.) Pfarrer Dr. Dagobert Vonderau, Marianne Helfrich, Monika Brandt, Manuela Kiesler,I ngrid Breuksch, Bernhild Schel, Doris Ritz, Ursula Vogler, Bernd Schr\u00f6der, Monika Niestroj, Manfred Sauer, Marion Sch\u00fctz, Lilia Bonert, Gesch\u00e4ftsf\u00fchrer Christian Reuter<\/p>\n","protected":false},"excerpt":{"rendered":"<div class=\"tmnf_excerpt\"><p>Fulda. 335 Jahre waren 17 Mitarbeiterinnen und Mitarbeiter, die f\u00fcr 10, 20, 25, 30 und 40 Jahre T\u00e4tigkeit im Caritasverband f\u00fcr die Regionen Fulda und Geisa geehrt wurden, f\u00fcr Menschen in Not oder der ambulanten h\u00e4uslichen Pflege im Dienst. W\u00e4hrend der Adventsfeier im Kolpinghaus in H\u00fcnfeld erhielten sie vom Vorsitzenden Pfarrer Dr. Dagobert Vonderau und &hellip;<\/p>\n<\/div>","protected":false},"author":1,"featured_media":0,"comment_status":"closed","ping_status":"closed","sticky":false,"template":"","format":"standard","meta":{"footnotes":""},"categories":[1,50],"tags":[],"class_list":["post-105073","post","type-post","status-publish","format-standard","hentry","category-startseite","category-kirche"],"_links":{"self":[{"href":"https:\/\/www.fuldaernachrichten.de\/index.php?rest_route=\/wp\/v2\/posts\/105073","targetHints":{"allow":["GET"]}}],"collection":[{"href":"https:\/\/www.fuldaernachrichten.de\/index.php?rest_route=\/wp\/v2\/posts"}],"about":[{"href":"https:\/\/www.fuldaernachrichten.de\/index.php?rest_route=\/wp\/v2\/types\/post"}],"author":[{"embeddable":true,"href":"https:\/\/www.fuldaernachrichten.de\/index.php?rest_route=\/wp\/v2\/users\/1"}],"replies":[{"embeddable":true,"href":"https:\/\/www.fuldaernachrichten.de\/index.php?rest_route=%2Fwp%2Fv2%2Fcomments&post=105073"}],"version-history":[{"count":0,"href":"https:\/\/www.fuldaernachrichten.de\/index.php?rest_route=\/wp\/v2\/posts\/105073\/revisions"}],"wp:attachment":[{"href":"https:\/\/www.fuldaernachrichten.de\/index.php?rest_route=%2Fwp%2Fv2%2Fmedia&parent=105073"}],"wp:term":[{"taxonomy":"category","embeddable":true,"href":"https:\/\/www.fuldaernachrichten.de\/index.php?rest_route=%2Fwp%2Fv2%2Fcategories&post=105073"},{"taxonomy":"post_tag","embeddable":true,"href":"https:\/\/www.fuldaernachrichten.de\/index.php?rest_route=%2Fwp%2Fv2%2Ftags&post=105073"}],"curies":[{"name":"wp","href":"https:\/\/api.w.org\/{rel}","templated":true}]}}