{"id":105067,"date":"2012-12-18T00:11:59","date_gmt":"2012-12-18T00:11:59","guid":{"rendered":"http:\/\/www.fuldaer-nachrichten.de\/?p=105067"},"modified":"2012-12-17T13:26:45","modified_gmt":"2012-12-17T13:26:45","slug":"schwerbehindertenausweis-im-scheckkartenformat-kommt-im-fruhjahr","status":"publish","type":"post","link":"https:\/\/www.fuldaernachrichten.de\/?p=105067","title":{"rendered":"Schwerbehindertenausweis im Scheckkartenformat kommt im Fr\u00fchjahr"},"content":{"rendered":"<p><img fetchpriority=\"high\" decoding=\"async\" class=\"alignleft size-thumbnail wp-image-105068\" title=\"image001\" src=\"http:\/\/www.fuldaer-nachrichten.de\/wp-content\/uploads\/2012\/12\/image001-265x243.png\" alt=\"\" width=\"265\" height=\"243\" srcset=\"https:\/\/www.fuldaernachrichten.de\/wp-content\/uploads\/2012\/12\/image001-265x243.png 265w, https:\/\/www.fuldaernachrichten.de\/wp-content\/uploads\/2012\/12\/image001.png 600w\" sizes=\"(max-width: 265px) 100vw, 265px\" \/>Wiesbaden. Als eines der ersten Bundesl\u00e4nder wird Hessen zum 1. April 2013 den neuen Schwerbehindertenausweis in Form einer Plastikkarte im Scheckkartenformat einf\u00fchren. Der neue Ausweis ist nicht nur handlicher, der Hessische Sozialminister Stefan Gr\u00fcttner erl\u00e4uterte weitere Vorz\u00fcge der Karte: \u201eF\u00fcr blinde Menschen wird es k\u00fcnftig ein taktiles Merkmals in Gestalt der Buchstabenfolge sch-b-a in Braille-Schrift auf dem Ausweis geben. Au\u00dferdem wird der neue Schwerbehindertenausweis mit einem Hinweis in englischer Sprache versehen, um den Nachweis einer Behinderung auf Reisen im Ausland zu erleichtern.\u201c<!--more--><br \/>\nDer Minister betonte, dass kein Umtauschzwang bestehe. \u201eAlte\u201c Ausweise in Papierform bleiben bis zum Ablauf ihrer G\u00fcltigkeit bestehen. Mit diesen \u201ealten\u201c Ausweisen k\u00f6nnen weiterhin alle Nachteilsausgleiche in Anspruch genommen werden. Die Ausgabe des Schwerbehindertenausweises bleibt, auch nach Einf\u00fchrung des neuen Formates, weiterhin kostenfrei.<\/p>\n<p>Bereits ab 1. Januar 2013 wird das Beiblatt mit Wertmarke, welches zur Bef\u00f6rderung im \u00f6ffentlichen Personennahverkehr berechtigt, in demselben kleinen Format ausgegeben wie der zuk\u00fcnftige neue Schwerbehindertenausweis. Dieses Beiblatt wird aber nicht als Plastikkarte ausgestellt, sondern weiterhin in Papierform, da es lediglich eine G\u00fcltigkeit von maximal einem Jahr hat. Auch hier bleiben die alten Beibl\u00e4tter mit Wertmarke im bisherigen Format bis zum Ablauf g\u00fcltig.<\/p>\n","protected":false},"excerpt":{"rendered":"<div class=\"tmnf_excerpt\"><p>Wiesbaden. Als eines der ersten Bundesl\u00e4nder wird Hessen zum 1. April 2013 den neuen Schwerbehindertenausweis in Form einer Plastikkarte im Scheckkartenformat einf\u00fchren. Der neue Ausweis ist nicht nur handlicher, der Hessische Sozialminister Stefan Gr\u00fcttner erl\u00e4uterte weitere Vorz\u00fcge der Karte: \u201eF\u00fcr blinde Menschen wird es k\u00fcnftig ein taktiles Merkmals in Gestalt der Buchstabenfolge sch-b-a in Braille-Schrift &hellip;<\/p>\n<\/div>","protected":false},"author":1,"featured_media":0,"comment_status":"closed","ping_status":"closed","sticky":false,"template":"","format":"standard","meta":{"footnotes":""},"categories":[1],"tags":[],"class_list":["post-105067","post","type-post","status-publish","format-standard","hentry","category-startseite"],"_links":{"self":[{"href":"https:\/\/www.fuldaernachrichten.de\/index.php?rest_route=\/wp\/v2\/posts\/105067","targetHints":{"allow":["GET"]}}],"collection":[{"href":"https:\/\/www.fuldaernachrichten.de\/index.php?rest_route=\/wp\/v2\/posts"}],"about":[{"href":"https:\/\/www.fuldaernachrichten.de\/index.php?rest_route=\/wp\/v2\/types\/post"}],"author":[{"embeddable":true,"href":"https:\/\/www.fuldaernachrichten.de\/index.php?rest_route=\/wp\/v2\/users\/1"}],"replies":[{"embeddable":true,"href":"https:\/\/www.fuldaernachrichten.de\/index.php?rest_route=%2Fwp%2Fv2%2Fcomments&post=105067"}],"version-history":[{"count":0,"href":"https:\/\/www.fuldaernachrichten.de\/index.php?rest_route=\/wp\/v2\/posts\/105067\/revisions"}],"wp:attachment":[{"href":"https:\/\/www.fuldaernachrichten.de\/index.php?rest_route=%2Fwp%2Fv2%2Fmedia&parent=105067"}],"wp:term":[{"taxonomy":"category","embeddable":true,"href":"https:\/\/www.fuldaernachrichten.de\/index.php?rest_route=%2Fwp%2Fv2%2Fcategories&post=105067"},{"taxonomy":"post_tag","embeddable":true,"href":"https:\/\/www.fuldaernachrichten.de\/index.php?rest_route=%2Fwp%2Fv2%2Ftags&post=105067"}],"curies":[{"name":"wp","href":"https:\/\/api.w.org\/{rel}","templated":true}]}}