{"id":105058,"date":"2012-12-18T00:10:24","date_gmt":"2012-12-18T00:10:24","guid":{"rendered":"http:\/\/www.fuldaer-nachrichten.de\/?p=105058"},"modified":"2012-12-17T13:19:56","modified_gmt":"2012-12-17T13:19:56","slug":"arbeitsagenturen-bleiben-geschlossen","status":"publish","type":"post","link":"https:\/\/www.fuldaernachrichten.de\/?p=105058","title":{"rendered":"Arbeitsagenturen bleiben geschlossen"},"content":{"rendered":"<p align=\"left\">Fulda\/Bad Hersfeld. Die Agenturen f\u00fcr Arbeit in Fulda und Bad Hersfeld sowie die Gesch\u00e4ftsstellen in H\u00fcnfeld und Bebra bleiben am 24. und 31. Dezember geschlossen. Zwischen den Jahren gelten die regul\u00e4ren \u00d6ffnungszeiten.<\/p>\n","protected":false},"excerpt":{"rendered":"<div class=\"tmnf_excerpt\"><p>Fulda\/Bad Hersfeld. Die Agenturen f\u00fcr Arbeit in Fulda und Bad Hersfeld sowie die Gesch\u00e4ftsstellen in H\u00fcnfeld und Bebra bleiben am 24. und 31. Dezember geschlossen. Zwischen den Jahren gelten die regul\u00e4ren \u00d6ffnungszeiten.<\/p>\n<\/div>","protected":false},"author":1,"featured_media":0,"comment_status":"closed","ping_status":"closed","sticky":false,"template":"","format":"standard","meta":{"footnotes":""},"categories":[1,53],"tags":[],"class_list":["post-105058","post","type-post","status-publish","format-standard","hentry","category-startseite","category-bildung"],"_links":{"self":[{"href":"https:\/\/www.fuldaernachrichten.de\/index.php?rest_route=\/wp\/v2\/posts\/105058","targetHints":{"allow":["GET"]}}],"collection":[{"href":"https:\/\/www.fuldaernachrichten.de\/index.php?rest_route=\/wp\/v2\/posts"}],"about":[{"href":"https:\/\/www.fuldaernachrichten.de\/index.php?rest_route=\/wp\/v2\/types\/post"}],"author":[{"embeddable":true,"href":"https:\/\/www.fuldaernachrichten.de\/index.php?rest_route=\/wp\/v2\/users\/1"}],"replies":[{"embeddable":true,"href":"https:\/\/www.fuldaernachrichten.de\/index.php?rest_route=%2Fwp%2Fv2%2Fcomments&post=105058"}],"version-history":[{"count":0,"href":"https:\/\/www.fuldaernachrichten.de\/index.php?rest_route=\/wp\/v2\/posts\/105058\/revisions"}],"wp:attachment":[{"href":"https:\/\/www.fuldaernachrichten.de\/index.php?rest_route=%2Fwp%2Fv2%2Fmedia&parent=105058"}],"wp:term":[{"taxonomy":"category","embeddable":true,"href":"https:\/\/www.fuldaernachrichten.de\/index.php?rest_route=%2Fwp%2Fv2%2Fcategories&post=105058"},{"taxonomy":"post_tag","embeddable":true,"href":"https:\/\/www.fuldaernachrichten.de\/index.php?rest_route=%2Fwp%2Fv2%2Ftags&post=105058"}],"curies":[{"name":"wp","href":"https:\/\/api.w.org\/{rel}","templated":true}]}}