{"id":105054,"date":"2012-12-17T00:15:06","date_gmt":"2012-12-17T00:15:06","guid":{"rendered":"http:\/\/www.fuldaer-nachrichten.de\/?p=105054"},"modified":"2012-12-17T08:06:07","modified_gmt":"2012-12-17T08:06:07","slug":"das-neue-kulinarium-ist-da-jubilaumsausgabe-zum-20-geburtstag-des-rhoner-charme","status":"publish","type":"post","link":"https:\/\/www.fuldaernachrichten.de\/?p=105054","title":{"rendered":"Das neue Kulinarium ist da: Jubil\u00e4umsausgabe zum 20. Geburtstag des Rh\u00f6ner Charme"},"content":{"rendered":"<p><strong><img fetchpriority=\"high\" decoding=\"async\" class=\"alignleft size-thumbnail wp-image-105055\" title=\"Das-neue-Kulinarium\" src=\"http:\/\/www.fuldaer-nachrichten.de\/wp-content\/uploads\/2012\/12\/Das-neue-Kulinarium-265x530.jpg\" alt=\"\" width=\"265\" height=\"530\" srcset=\"https:\/\/www.fuldaernachrichten.de\/wp-content\/uploads\/2012\/12\/Das-neue-Kulinarium-265x530.jpg 265w, https:\/\/www.fuldaernachrichten.de\/wp-content\/uploads\/2012\/12\/Das-neue-Kulinarium-132x265.jpg 132w, https:\/\/www.fuldaernachrichten.de\/wp-content\/uploads\/2012\/12\/Das-neue-Kulinarium-300x600.jpg 300w, https:\/\/www.fuldaernachrichten.de\/wp-content\/uploads\/2012\/12\/Das-neue-Kulinarium.jpg 399w\" sizes=\"(max-width: 265px) 100vw, 265px\" \/>Fulda.<\/strong> Gro\u00dfe Ereignisse werfen ihre Schatten voraus: Im kommenden Jahr feiert die Wirtvereinigung \u201eRh\u00f6ner Charme\u201c ihr 20-j\u00e4hriges Bestehen. P\u00fcnktlich dazu erscheint auch in 2013 ein Jahreskalendarium, das \u201eKulinarium\u201c \u2013 als Jubil\u00e4umsausgabe. Ab Mitte Dezember liegt die druckfrische Brosch\u00fcre in allen Rh\u00f6ner Charme-Betrieben sowie im Rh\u00f6n-Info-Zentrum auf der Wasserkuppe aus. Das diesj\u00e4hrige Motto lautet \u201e20 Jahre \u2013 Rh\u00f6ner Charme in aller Munde\u201c. Passend dazu hat jeder Gastronom seine eigene K\u00fcchenidee kreiert, hier gilt \u201ealles rund um die 20\u201c.<\/p>\n<p>Eine brandneue Fotoreihe zeigt die Mitglieder des Rh\u00f6ner Charme: Ganz gleich, ob mit dem Ehepartner, dem Koch, der Restaurantfachfrau oder der Lieferantin \u2013 \u201ewir feiern\u201c ist die Bildaussage. Dar\u00fcber hinaus beinhaltet das Kulinarium 2013 zahlreiche Informationen: Feste, Veranstaltungen und kulinarische Gen\u00fcsse, regionale Gastlichkeit und ehrliche Produktqualit\u00e4t \u2013 das Kulinarium l\u00e4dt ein zum Schm\u00f6kern und St\u00f6bern. Eine detaillierte Landkarte zeigt die Standorte aller Betriebe, die Monats\u00fcbersicht pr\u00e4sentiert vielf\u00e4ltige Termine.<\/p>\n","protected":false},"excerpt":{"rendered":"<div class=\"tmnf_excerpt\"><p>Fulda. Gro\u00dfe Ereignisse werfen ihre Schatten voraus: Im kommenden Jahr feiert die Wirtvereinigung \u201eRh\u00f6ner Charme\u201c ihr 20-j\u00e4hriges Bestehen. P\u00fcnktlich dazu erscheint auch in 2013 ein Jahreskalendarium, das \u201eKulinarium\u201c \u2013 als Jubil\u00e4umsausgabe. Ab Mitte Dezember liegt die druckfrische Brosch\u00fcre in allen Rh\u00f6ner Charme-Betrieben sowie im Rh\u00f6n-Info-Zentrum auf der Wasserkuppe aus. Das diesj\u00e4hrige Motto lautet \u201e20 Jahre &hellip;<\/p>\n<\/div>","protected":false},"author":1,"featured_media":0,"comment_status":"closed","ping_status":"closed","sticky":false,"template":"","format":"standard","meta":{"footnotes":""},"categories":[1,37],"tags":[],"class_list":["post-105054","post","type-post","status-publish","format-standard","hentry","category-startseite","category-essen-und-trinken"],"_links":{"self":[{"href":"https:\/\/www.fuldaernachrichten.de\/index.php?rest_route=\/wp\/v2\/posts\/105054","targetHints":{"allow":["GET"]}}],"collection":[{"href":"https:\/\/www.fuldaernachrichten.de\/index.php?rest_route=\/wp\/v2\/posts"}],"about":[{"href":"https:\/\/www.fuldaernachrichten.de\/index.php?rest_route=\/wp\/v2\/types\/post"}],"author":[{"embeddable":true,"href":"https:\/\/www.fuldaernachrichten.de\/index.php?rest_route=\/wp\/v2\/users\/1"}],"replies":[{"embeddable":true,"href":"https:\/\/www.fuldaernachrichten.de\/index.php?rest_route=%2Fwp%2Fv2%2Fcomments&post=105054"}],"version-history":[{"count":0,"href":"https:\/\/www.fuldaernachrichten.de\/index.php?rest_route=\/wp\/v2\/posts\/105054\/revisions"}],"wp:attachment":[{"href":"https:\/\/www.fuldaernachrichten.de\/index.php?rest_route=%2Fwp%2Fv2%2Fmedia&parent=105054"}],"wp:term":[{"taxonomy":"category","embeddable":true,"href":"https:\/\/www.fuldaernachrichten.de\/index.php?rest_route=%2Fwp%2Fv2%2Fcategories&post=105054"},{"taxonomy":"post_tag","embeddable":true,"href":"https:\/\/www.fuldaernachrichten.de\/index.php?rest_route=%2Fwp%2Fv2%2Ftags&post=105054"}],"curies":[{"name":"wp","href":"https:\/\/api.w.org\/{rel}","templated":true}]}}