{"id":105052,"date":"2012-12-17T08:04:46","date_gmt":"2012-12-17T08:04:46","guid":{"rendered":"http:\/\/www.fuldaer-nachrichten.de\/?p=105052"},"modified":"2012-12-17T08:04:46","modified_gmt":"2012-12-17T08:04:46","slug":"uber-die-wirkung-der-menschlichen-stimme-120-gaste-bei-jahresgesprach-des-arbeitskreises-schule-wirtschaft","status":"publish","type":"post","link":"https:\/\/www.fuldaernachrichten.de\/?p=105052","title":{"rendered":"\u00dcber die Wirkung der menschlichen Stimme &#8211; 120 G\u00e4ste bei Jahresgespr\u00e4ch des Arbeitskreises Schule-Wirtschaft"},"content":{"rendered":"<p><strong><img fetchpriority=\"high\" decoding=\"async\" class=\"alignleft size-thumbnail wp-image-105053\" title=\"Gruppe\" src=\"http:\/\/www.fuldaer-nachrichten.de\/wp-content\/uploads\/2012\/12\/Gruppe-265x205.jpg\" alt=\"\" width=\"265\" height=\"205\" srcset=\"https:\/\/www.fuldaernachrichten.de\/wp-content\/uploads\/2012\/12\/Gruppe-265x205.jpg 265w, https:\/\/www.fuldaernachrichten.de\/wp-content\/uploads\/2012\/12\/Gruppe.jpg 592w\" sizes=\"(max-width: 265px) 100vw, 265px\" \/>Fulda.<\/strong> \u201eKlang baut Beziehungen auf\u201c \u2013 so lautet eine der Thesen, die der Schauspieler, Sprecher und Regisseur Gereon Nu\u00dfbaum anl\u00e4sslich des Jahresgespr\u00e4ches des Arbeitskreises Schule-Wirtschaft eindrucksvoll demonstrierte. In der Eduard-Stieler-Schule brachte der Gr\u00fcnder und Leiter der K\u00f6lner Autoro-Schauspielschule den rund 120 G\u00e4sten die \u201eStimme als zentralen Teil von Pers\u00f6nlichkeit\u201c n\u00e4her und bezog dabei Sch\u00fcler aus der Klassenstufe 12 der Fachoberschule aktiv mit ein: Der 48-J\u00e4hrige hatte im Vorfeld mit den jungen Leuten, die bereits alle eine Berufsausbildung abgeschlossen haben, eine Performance einstudiert. <!--more--><\/p>\n<p>Mittels ihrer Stimme \u2013 etwa durch Betonungen oder Sprechgeschwindigkeit\u2013 f\u00fchrten sie Erlebnisse aus ihrer Ausbildungszeit vor und zogen mit witzigen und zum Teil auch emotionalen Geschichten das Publikum in ihren Bann. Anhand eines Gedichts von Heinrich Heine sowie mithilfe allt\u00e4glicher Redewendungen wie \u201eIch denke so\u201c belegte Nu\u00dfbaum in vielf\u00e4ltiger Weise, \u201ewas es bedeutet, \u00fcber die Stimme Gedanken auszudr\u00fccken und \u00fcber den Klang zu verdeutlichen.\u201c So seien etwa Hebungen und Betonungen daf\u00fcr verantwortlich, wie der Gespr\u00e4chspartner das Gesagte interpretiert. \u201eDer Klang in der Stimme ist unwillk\u00fcrlich beziehungsbildend. Mancher Streit, der per se keiner ist, lie\u00dfe sich vermeiden, wenn Menschen anders miteinander sprechen w\u00fcrden.\u201c<\/p>\n<p>Angelika Bott-Werner, Vorsitzende des Arbeitskreises Schule-Wirtschaft, zeigte sich von Nu\u00dfbaums Ausf\u00fchrungen begeistert: \u201eZur Lehrerausbildung geh\u00f6ren unz\u00e4hlige Schwerpunkte, nicht aber, wie man mit den Sch\u00fclern sprechen sollte und welche Wirkung die Stimme entfaltet. Ich w\u00fcrde mir w\u00fcnschen, dass dieses Thema in den Ausbildungsplan zuk\u00fcnftiger P\u00e4dagogen aufgenommen wird.\u201c In ihrer Ansprache lie\u00df die Organisatorin des Jahresgespr\u00e4ches die Arbeitskreis-Veranstaltungen des Jahres 2012 Revue passieren und erl\u00e4uterte dazu die Hintergr\u00fcnde: \u201eDie Unternehmensbesuche sind f\u00fcr die Lehrer ein wichtiger Baustein, um einerseits die ersten Kontakte zu den Unternehmen herzustellen und andererseits den Sch\u00fclern Tipps f\u00fcr den sp\u00e4teren Berufsalltag zu vermitteln. Au\u00dferdem bildet die St\u00e4rkung der Wirtschaftskompetenz von Lehrkr\u00e4ften und Sch\u00fclern einen wichtigen Schwerpunkt.\u201c<\/p>\n<p>Eine erste Vorausschau auf das kommende Jahr gab Manfred Baumann, Gesch\u00e4ftsf\u00fchrer des Arbeitskreises: \u201eZuk\u00fcnftig sollen verst\u00e4rkt auch Sch\u00fcler an diesen Veranstaltungen teilnehmen, um die direkte R\u00fcckkoppelung an die urs\u00e4chliche Zielgruppe der Jugendlichen zu erfahren.\u201c Unter anderem ist f\u00fcr 2013 im Unternehmen EDAG in Eisenach eine Besichtigung geplant, in der Berufe aus den Bereichen Mathematik und Informatik sowie Naturwissenschaften und Technik, kurz MINT, am Beispiel einer \u201eIdeenschmiede f\u00fcr die deutsche Automobilindustrie\u201c im Fokus stehen.<\/p>\n<p>BU: Freuen sich \u00fcber die gelungene Veranstaltung: Kornelia Brassel-Barth, Gereon Nu\u00dfbaum, Angelika Bott-Werner, Manfred Baumann und Jana Piechota von der Arturo-Schauspielschule (von links).<\/p>\n","protected":false},"excerpt":{"rendered":"<div class=\"tmnf_excerpt\"><p>Fulda. \u201eKlang baut Beziehungen auf\u201c \u2013 so lautet eine der Thesen, die der Schauspieler, Sprecher und Regisseur Gereon Nu\u00dfbaum anl\u00e4sslich des Jahresgespr\u00e4ches des Arbeitskreises Schule-Wirtschaft eindrucksvoll demonstrierte. In der Eduard-Stieler-Schule brachte der Gr\u00fcnder und Leiter der K\u00f6lner Autoro-Schauspielschule den rund 120 G\u00e4sten die \u201eStimme als zentralen Teil von Pers\u00f6nlichkeit\u201c n\u00e4her und bezog dabei Sch\u00fcler aus &hellip;<\/p>\n<\/div>","protected":false},"author":1,"featured_media":0,"comment_status":"closed","ping_status":"closed","sticky":false,"template":"","format":"standard","meta":{"footnotes":""},"categories":[1,53],"tags":[],"class_list":["post-105052","post","type-post","status-publish","format-standard","hentry","category-startseite","category-bildung"],"_links":{"self":[{"href":"https:\/\/www.fuldaernachrichten.de\/index.php?rest_route=\/wp\/v2\/posts\/105052","targetHints":{"allow":["GET"]}}],"collection":[{"href":"https:\/\/www.fuldaernachrichten.de\/index.php?rest_route=\/wp\/v2\/posts"}],"about":[{"href":"https:\/\/www.fuldaernachrichten.de\/index.php?rest_route=\/wp\/v2\/types\/post"}],"author":[{"embeddable":true,"href":"https:\/\/www.fuldaernachrichten.de\/index.php?rest_route=\/wp\/v2\/users\/1"}],"replies":[{"embeddable":true,"href":"https:\/\/www.fuldaernachrichten.de\/index.php?rest_route=%2Fwp%2Fv2%2Fcomments&post=105052"}],"version-history":[{"count":0,"href":"https:\/\/www.fuldaernachrichten.de\/index.php?rest_route=\/wp\/v2\/posts\/105052\/revisions"}],"wp:attachment":[{"href":"https:\/\/www.fuldaernachrichten.de\/index.php?rest_route=%2Fwp%2Fv2%2Fmedia&parent=105052"}],"wp:term":[{"taxonomy":"category","embeddable":true,"href":"https:\/\/www.fuldaernachrichten.de\/index.php?rest_route=%2Fwp%2Fv2%2Fcategories&post=105052"},{"taxonomy":"post_tag","embeddable":true,"href":"https:\/\/www.fuldaernachrichten.de\/index.php?rest_route=%2Fwp%2Fv2%2Ftags&post=105052"}],"curies":[{"name":"wp","href":"https:\/\/api.w.org\/{rel}","templated":true}]}}