{"id":105045,"date":"2012-12-17T00:16:25","date_gmt":"2012-12-17T00:16:25","guid":{"rendered":"http:\/\/www.fuldaer-nachrichten.de\/?p=105045"},"modified":"2012-12-17T07:38:57","modified_gmt":"2012-12-17T07:38:57","slug":"richtfest-in-kunzeller-ortsmitte-kunzeller-investoren-jochen-und-andreas-hohmann-errichten-burokomplex","status":"publish","type":"post","link":"https:\/\/www.fuldaernachrichten.de\/?p=105045","title":{"rendered":"Richtfest in K\u00fcnzeller Ortsmitte K\u00fcnzeller &#8211; Investoren Jochen und Andreas Hohmann errichten B\u00fcrokomplex"},"content":{"rendered":"<p><img fetchpriority=\"high\" decoding=\"async\" class=\"alignleft size-thumbnail wp-image-105046\" title=\"4582\" src=\"http:\/\/www.fuldaer-nachrichten.de\/wp-content\/uploads\/2012\/12\/4582-265x397.jpg\" alt=\"\" width=\"265\" height=\"397\" srcset=\"https:\/\/www.fuldaernachrichten.de\/wp-content\/uploads\/2012\/12\/4582-265x397.jpg 265w, https:\/\/www.fuldaernachrichten.de\/wp-content\/uploads\/2012\/12\/4582-176x265.jpg 176w, https:\/\/www.fuldaernachrichten.de\/wp-content\/uploads\/2012\/12\/4582.jpg 399w\" sizes=\"(max-width: 265px) 100vw, 265px\" \/>K\u00fcnzell. Bereits seit 1989 sei der &#8220;neue&#8221; Ortsmittelpunkt von K\u00fcnzell in Planung, sagte B\u00fcrgermeister Peter Meinecke, und nun nehme er in gro\u00dfen Schritten Gestalt an: Investor Jochen Hohmann hatte nun mit dem Ankermieter, der Firma CSS, zum Richtfest f\u00fcr einen Komplex mit rund 2500 Quadratmetern B\u00fcrofl\u00e4che geladen. Nachdem am neuen K\u00fcnzeller Ortsmittelpunkt bereits ein Wohn- und Gesch\u00e4ftshaus im Betrieb ist, sowie eine Immobilie mit 30 Wohnungen\u00c2\u00a0 und ein Parkhaus (am Edeka-Markt Hahner), folgt nun ein weiterer &#8220;Meilenstein&#8221;.<\/p>\n<p>\u201eIch bin passionierter Skifahrer und liebe den Schnee, aber f\u00fcr die Arbeiten auf der Baustelle hat uns das Wetter in den letzten Tagen eher einen Strich durch die Rechnung gemacht\u201c, kommentierte Investor Jochen Hohmann die klirrende K\u00e4lte und den Schnee rund um das Richtfest in der neuen K\u00fcnzeller Ortsmitte. Dort l\u00e4sst er als Bauherr gemeinsam mit seinem Bruder Andreas einen B\u00fcrokomplex mit \u00fcber 3000 Quadratmetern Nutzfl\u00e4che entstehen. Erst im Juni hatte der Spatenstich stattgefunden, in den n\u00e4chsten Tagen soll das Bauwerk noch winterfest gemacht werden: \u201eWir richten eine Winterbaustelle ein und wollen im Sommer 2013 fertig sein\u201c, erkl\u00e4rte Architekt Jochen Hohmann. 40 Parkpl\u00e4tze in der Tiefgarage, Anbindung an den \u00d6PNV direkt vor der Haust\u00fcr, und alle infrastrukturell wichtigen Einrichtungen des t\u00e4glichen Lebens direkt vor der Haust\u00fcr stellte Hohmann die Pluspunkte des neuen Objekts heraus. \u201eUnd das Wichtigste: Sie bekommen wirklich super B\u00fcror\u00e4ume, hier werden Sie und ihre Mitarbeiter sich wohlf\u00fchlen\u201c, versprach er in Richtung des Hauptmieters, der Firma CSS.<\/p>\n<p>\u201eCSS wurde 1984 gegr\u00fcndet und ist eines der innovativsten Softwareh\u00e4user im deutschen Mittelstand. Von unseren rund 130 Mitarbeitern werden mehr als 100 ab dem kommenden Jahr am neuen Hauptsitz t\u00e4tig sein&#8221;, erkl\u00e4rten die gesch\u00e4ftsf\u00fchrenden Gesellschafter Michael Friemel und Armin Prinz. Durch die Zusammenlegung mehrerer Standorte an die K\u00fcnzeller Ortsmitte sollen Synergien genutzt und die Kommunikation im Unternehmen durch eine entsprechende B\u00fcrogestaltung optimiert werden. Man freue sich, mit Jochen Hohmann einen verl\u00e4sslichen und erfahrenen Partner aus der Immobilienbranche gefunden zu haben. B\u00fcrgermeister Meinecke lobte die rege Investitionst\u00e4tigkeit an der neuen Ortsmitte und freute sich, dass das K\u00fcnzeller Architekturb\u00fcro Hohmann den vorausgehenden Architekturwettbewerb gewonnen habe. \u201eDie Gestaltung einer neuen Ortsmitte auf dem Rei\u00dfbrett ist ein absolutes Pionierprojekt, auch wenn man momentan noch etwas Phantasie braucht, um sich vorstellen zu k\u00f6nnen, was sich hier in den n\u00e4chsten Monaten noch tun soll&#8221;, erkl\u00e4rte Architekt Hohmann.<\/p>\n<p>Zwischen Penny-Markt und Edeka-Hahner soll bis 2014 dann eben auch der Dorfplatz mit Brunnen, kleinem W\u00e4ldchen und vielem mehr zum Verweilen einladen. In den letzten Monaten sei daf\u00fcr rundherum bereits die Infrastruktur samt Zuwegung geschaffen worden. Wie B\u00fcrgermeister Peter Meinecke formulierte: &#8220;Wir sind eine der wenigen gl\u00fccklichen Gemeinden, die sich noch \u00fcber Zuzug freuen k\u00f6nnen. Wir sind aber auch eine auffallend \u00e2\u20ac\u0161gr\u00fcne\u00e2\u20ac\u2122 Gemeinde, und so m\u00f6chten wir auch unseren neuen Ortsmittelpunkt gestalten.&#8221;<\/p>\n<p>W\u00e4hrend CSS das erste und zweite Obergeschoss sowie das Dachgeschoss beziehen wird, gebe es auch f\u00fcr das Erdgeschoss bereits zahlreiche Interessenten. Dort sind noch Teilfl\u00e4chen in verschiedenen Gr\u00f6\u00dfen zwischen 100 und 400 Quadratmetern f\u00fcr Dienstleistungs- und Verkaufsfl\u00e4chen verf\u00fcgbar. Mehr Informationen gibt es im Architekturb\u00fcro Hohmann unter Telefon (0661) 9395-0.<\/p>\n<p><strong>Foto v.re. <\/strong>Ortsvorsteher Toni Roth, B\u00fcrgermeister Peter Meinecke, Investor Andreas Hohmann, Armin Prinz (CSS), Investor Jochen Hohmann, Michael Friemel (CSS) nebst Gattin beim Richtfest des B\u00fcrokomplexes in der K\u00fcnzeller Ortsmitte.<\/p>\n","protected":false},"excerpt":{"rendered":"<div class=\"tmnf_excerpt\"><p>K\u00fcnzell. Bereits seit 1989 sei der &#8220;neue&#8221; Ortsmittelpunkt von K\u00fcnzell in Planung, sagte B\u00fcrgermeister Peter Meinecke, und nun nehme er in gro\u00dfen Schritten Gestalt an: Investor Jochen Hohmann hatte nun mit dem Ankermieter, der Firma CSS, zum Richtfest f\u00fcr einen Komplex mit rund 2500 Quadratmetern B\u00fcrofl\u00e4che geladen. Nachdem am neuen K\u00fcnzeller Ortsmittelpunkt bereits ein Wohn- &hellip;<\/p>\n<\/div>","protected":false},"author":1,"featured_media":0,"comment_status":"closed","ping_status":"closed","sticky":false,"template":"","format":"standard","meta":{"footnotes":""},"categories":[1,29],"tags":[],"class_list":["post-105045","post","type-post","status-publish","format-standard","hentry","category-startseite","category-politik"],"_links":{"self":[{"href":"https:\/\/www.fuldaernachrichten.de\/index.php?rest_route=\/wp\/v2\/posts\/105045","targetHints":{"allow":["GET"]}}],"collection":[{"href":"https:\/\/www.fuldaernachrichten.de\/index.php?rest_route=\/wp\/v2\/posts"}],"about":[{"href":"https:\/\/www.fuldaernachrichten.de\/index.php?rest_route=\/wp\/v2\/types\/post"}],"author":[{"embeddable":true,"href":"https:\/\/www.fuldaernachrichten.de\/index.php?rest_route=\/wp\/v2\/users\/1"}],"replies":[{"embeddable":true,"href":"https:\/\/www.fuldaernachrichten.de\/index.php?rest_route=%2Fwp%2Fv2%2Fcomments&post=105045"}],"version-history":[{"count":0,"href":"https:\/\/www.fuldaernachrichten.de\/index.php?rest_route=\/wp\/v2\/posts\/105045\/revisions"}],"wp:attachment":[{"href":"https:\/\/www.fuldaernachrichten.de\/index.php?rest_route=%2Fwp%2Fv2%2Fmedia&parent=105045"}],"wp:term":[{"taxonomy":"category","embeddable":true,"href":"https:\/\/www.fuldaernachrichten.de\/index.php?rest_route=%2Fwp%2Fv2%2Fcategories&post=105045"},{"taxonomy":"post_tag","embeddable":true,"href":"https:\/\/www.fuldaernachrichten.de\/index.php?rest_route=%2Fwp%2Fv2%2Ftags&post=105045"}],"curies":[{"name":"wp","href":"https:\/\/api.w.org\/{rel}","templated":true}]}}