{"id":105043,"date":"2012-12-17T00:12:58","date_gmt":"2012-12-17T00:12:58","guid":{"rendered":"http:\/\/www.fuldaer-nachrichten.de\/?p=105043"},"modified":"2012-12-17T07:37:14","modified_gmt":"2012-12-17T07:37:14","slug":"jorg-witzel-stellt-sich-als-unabhangiger-kandidat-den-ehrenbergern-zur-wahl","status":"publish","type":"post","link":"https:\/\/www.fuldaernachrichten.de\/?p=105043","title":{"rendered":"J\u00f6rg Witzel stellt sich als unabh\u00e4ngiger Kandidat den Ehrenbergern zur Wahl"},"content":{"rendered":"<p><img fetchpriority=\"high\" decoding=\"async\" class=\"alignleft size-thumbnail wp-image-105044\" title=\"ich1\" src=\"http:\/\/www.fuldaer-nachrichten.de\/wp-content\/uploads\/2012\/12\/ich1-265x398.jpg\" alt=\"\" width=\"265\" height=\"398\" srcset=\"https:\/\/www.fuldaernachrichten.de\/wp-content\/uploads\/2012\/12\/ich1-265x398.jpg 265w, https:\/\/www.fuldaernachrichten.de\/wp-content\/uploads\/2012\/12\/ich1-176x265.jpg 176w, https:\/\/www.fuldaernachrichten.de\/wp-content\/uploads\/2012\/12\/ich1-399x600.jpg 399w, https:\/\/www.fuldaernachrichten.de\/wp-content\/uploads\/2012\/12\/ich1.jpg 479w\" sizes=\"(max-width: 265px) 100vw, 265px\" \/>Ehrenberg. J\u00f6rg Witzel hat sich entschieden, f\u00fcr das Amt des B\u00fcrgermeisters von Ehrenberg zu kandidieren. \u201eFreunde und B\u00fcrger forderten mich auf, f\u00fcr das B\u00fcrgermeisteramt zu kandidieren um den notwendigen Generationswechsel herbeizuf\u00fchren\u201c, berichtet Witzel. &#8220;Schon bei vielen Gespr\u00e4chen mit B\u00fcrgerinnen und B\u00fcrger vor Ort und meiner politischen Vorstellung bei der Ehrenberger CDU wurde mir f\u00fcr eine Kandidatur der R\u00fccken gest\u00e4rkt.&#8221;<!--more--><\/p>\n<p>Als Partei und Fraktionsvorsitzender der Tanner FDP und als Kreistagsabgeordneter konnte Witzel in den letzten Jahren gutes R\u00fcstzeug f\u00fcr das angestrebte Amt aneignen. \u201eIch kann und will mit allen Fraktionen zusammenarbeiten, kenne die Menschen, Strukturen und Ansprechpartner\u201c. Darum hat sich Witzel auch f\u00fcr eine parteiunabh\u00e4ngige Kandidatur entschieden. Er will ein B\u00fcrgermeister f\u00fcr alle Ehrenberger sein, der wei\u00df wo in der Gemeinde der Schuh dr\u00fcckt. Die schwierige finanzielle Situation, Kinder- und Familienpolitik, Leben im Alter, Wirtschaftsf\u00f6rderung und Arbeitsmarkt oder gar die Sorge um den k\u00fcnftigen \u00c4rztemangel sind nur einige Themen, bei denen Witzel an den richtigen Stellen den Finger in die Wunde legen will.<\/p>\n<p>&#8220;Ehrenberg mit seinen B\u00fcrgern ist es wert, zu k\u00e4mpfen&#8221;, sagt Witzel. Die Gemeinde k\u00f6nne mit ihrer einzigartigen Lage besonders im Tourismusbereich punkten, wenn es richtig angepackt werde. Auch dazu habe er viele Visionen. Bis M\u00e4rz will Witzel die erforderlichen 36 Unterst\u00fctzungsunterschriften bei den B\u00fcrgern einsammeln. \u201eIch freue mich darauf, meine vielen Ideen mit den engagierten Ehrenberger B\u00fcrgern zu diskutieren und mit ihnen in interessanten Gespr\u00e4chen Meinungen und Anregungen auszutauschen.&#8221;<\/p>\n<p>J\u00f6rg Witzel (39) verheiratet, 2 Kinder, Maschinenbaumechaniker und seit 1995 bei der Deutschen Post AG besch\u00e4ftigt.<\/p>\n<p>&nbsp;<\/p>\n","protected":false},"excerpt":{"rendered":"<div class=\"tmnf_excerpt\"><p>Ehrenberg. J\u00f6rg Witzel hat sich entschieden, f\u00fcr das Amt des B\u00fcrgermeisters von Ehrenberg zu kandidieren. \u201eFreunde und B\u00fcrger forderten mich auf, f\u00fcr das B\u00fcrgermeisteramt zu kandidieren um den notwendigen Generationswechsel herbeizuf\u00fchren\u201c, berichtet Witzel. &#8220;Schon bei vielen Gespr\u00e4chen mit B\u00fcrgerinnen und B\u00fcrger vor Ort und meiner politischen Vorstellung bei der Ehrenberger CDU wurde mir f\u00fcr eine &hellip;<\/p>\n<\/div>","protected":false},"author":1,"featured_media":0,"comment_status":"closed","ping_status":"closed","sticky":false,"template":"","format":"standard","meta":{"footnotes":""},"categories":[1,29],"tags":[],"class_list":["post-105043","post","type-post","status-publish","format-standard","hentry","category-startseite","category-politik"],"_links":{"self":[{"href":"https:\/\/www.fuldaernachrichten.de\/index.php?rest_route=\/wp\/v2\/posts\/105043","targetHints":{"allow":["GET"]}}],"collection":[{"href":"https:\/\/www.fuldaernachrichten.de\/index.php?rest_route=\/wp\/v2\/posts"}],"about":[{"href":"https:\/\/www.fuldaernachrichten.de\/index.php?rest_route=\/wp\/v2\/types\/post"}],"author":[{"embeddable":true,"href":"https:\/\/www.fuldaernachrichten.de\/index.php?rest_route=\/wp\/v2\/users\/1"}],"replies":[{"embeddable":true,"href":"https:\/\/www.fuldaernachrichten.de\/index.php?rest_route=%2Fwp%2Fv2%2Fcomments&post=105043"}],"version-history":[{"count":0,"href":"https:\/\/www.fuldaernachrichten.de\/index.php?rest_route=\/wp\/v2\/posts\/105043\/revisions"}],"wp:attachment":[{"href":"https:\/\/www.fuldaernachrichten.de\/index.php?rest_route=%2Fwp%2Fv2%2Fmedia&parent=105043"}],"wp:term":[{"taxonomy":"category","embeddable":true,"href":"https:\/\/www.fuldaernachrichten.de\/index.php?rest_route=%2Fwp%2Fv2%2Fcategories&post=105043"},{"taxonomy":"post_tag","embeddable":true,"href":"https:\/\/www.fuldaernachrichten.de\/index.php?rest_route=%2Fwp%2Fv2%2Ftags&post=105043"}],"curies":[{"name":"wp","href":"https:\/\/api.w.org\/{rel}","templated":true}]}}