{"id":105031,"date":"2012-12-18T00:12:55","date_gmt":"2012-12-18T00:12:55","guid":{"rendered":"http:\/\/www.fuldaer-nachrichten.de\/?p=105031"},"modified":"2012-12-17T07:14:04","modified_gmt":"2012-12-17T07:14:04","slug":"forschungsauftakt-fur-geroda","status":"publish","type":"post","link":"https:\/\/www.fuldaernachrichten.de\/?p=105031","title":{"rendered":"Forschungsauftakt f\u00fcr Geroda"},"content":{"rendered":"<p><img fetchpriority=\"high\" decoding=\"async\" class=\"alignleft size-thumbnail wp-image-105032\" title=\"kal_buchvorstellung_gespr\u00e4ch\" src=\"http:\/\/www.fuldaer-nachrichten.de\/wp-content\/uploads\/2012\/12\/kal_buchvorstellung_gespr\u00e4ch-265x192.jpg\" alt=\"\" width=\"265\" height=\"192\" \/>Rh\u00f6n. An die Vorstellung des 3. Bandes der Reihe \u201eHistorische Kulturlandschaft Rh\u00f6n\u201c kn\u00fcpften die beteiligten Partner direkt an, um die Arbeit an einem weiteren Dokumentationsprojekt zu beginnen, das die Grundlage f\u00fcr den 4. Band bilden wird: In ihm sollen die historischen Kulturlandschaftselemente in der Marktgemeinde Geroda beleuchtet werden. Dazu gab es erste Gespr\u00e4che zwischen den Auftragnehmern, Dr. Doris Pokorny von der bayerischen Verwaltungsstelle des Biosph\u00e4renreservats Rh\u00f6n, die das Projekt betreut, sowie dem B\u00fcrgermeister der Marktgemeinde Geroda, Manfred Emmert. Dieser hatte bereits die Pr\u00e4sentation des 3. Bandes aufmerksam verfolgt. <!--more--><\/p>\n<p>\u201eSchon erste Sondierungen und die Sichtung von Material machen deutlich, dass Geroda \u00fcber eine hervorragend erhaltene Bilderbuchlandschaft mit spannender und wechselvoller Geschichte verf\u00fcgt. Themenbereiche wie \u201ealte Grenzverl\u00e4ufe\u201c, \u201ehistorische Triebwege\u201c sowie \u201eRelikte j\u00fcdischen Lebens\u201c bieten einen reichhaltigen Fundus f\u00fcr die Fachleute Dr. Thomas B\u00fcttner und Armin R\u00f6hrer aus Altmorschen und Bamberg, die auch f\u00fcr dieses Projekt als bew\u00e4hrte Bearbeiter zur Verf\u00fcgung stehen\u201c, so Dr. Pokorny.<\/p>\n<p>Im Laufe des Projekts werden historische Landnutzungskarten von 1850 und Karten zur damaligen Gewerbestruktur erstellt. Jedes heute noch sichtbare Kulturlandschaftselement in Dorf und Flur wird au\u00dferdem mit Foto, einer fachlichen Einsch\u00e4tzung seiner Bedeutung und Erhaltungsw\u00fcrdigkeit sowie seines touristischen Potentials in einem Steckbrief festgehalten.<\/p>\n<p>Genau wie in den Gemeinden, die bisher erforscht wurden, wird auch in beiden Ortsteilen der Marktgemeinde Geroda ein so genannter \u201eRat der Weisen\u201c einberufen. Er setzt sich aus B\u00fcrger\/innen zusammen, die viel Wissen \u00fcber die jeweilige Gemarkung und das fr\u00fchere d\u00f6rfliche Leben besitzen und eine enge Verbindung zur ihrem Ort haben. Mit ihnen arbeiten die Autoren eng zusammen, um so viele Informationen und historische Fotos wie m\u00f6glich zu sammeln. Ein erstes Arbeitstreffen mit den Weisen ist bereits Mitte Januar vorgesehen.<\/p>\n","protected":false},"excerpt":{"rendered":"<div class=\"tmnf_excerpt\"><p>Rh\u00f6n. An die Vorstellung des 3. Bandes der Reihe \u201eHistorische Kulturlandschaft Rh\u00f6n\u201c kn\u00fcpften die beteiligten Partner direkt an, um die Arbeit an einem weiteren Dokumentationsprojekt zu beginnen, das die Grundlage f\u00fcr den 4. Band bilden wird: In ihm sollen die historischen Kulturlandschaftselemente in der Marktgemeinde Geroda beleuchtet werden. Dazu gab es erste Gespr\u00e4che zwischen den &hellip;<\/p>\n<\/div>","protected":false},"author":1,"featured_media":0,"comment_status":"closed","ping_status":"closed","sticky":false,"template":"","format":"standard","meta":{"footnotes":""},"categories":[1,52],"tags":[],"class_list":["post-105031","post","type-post","status-publish","format-standard","hentry","category-startseite","category-umwelt"],"_links":{"self":[{"href":"https:\/\/www.fuldaernachrichten.de\/index.php?rest_route=\/wp\/v2\/posts\/105031","targetHints":{"allow":["GET"]}}],"collection":[{"href":"https:\/\/www.fuldaernachrichten.de\/index.php?rest_route=\/wp\/v2\/posts"}],"about":[{"href":"https:\/\/www.fuldaernachrichten.de\/index.php?rest_route=\/wp\/v2\/types\/post"}],"author":[{"embeddable":true,"href":"https:\/\/www.fuldaernachrichten.de\/index.php?rest_route=\/wp\/v2\/users\/1"}],"replies":[{"embeddable":true,"href":"https:\/\/www.fuldaernachrichten.de\/index.php?rest_route=%2Fwp%2Fv2%2Fcomments&post=105031"}],"version-history":[{"count":0,"href":"https:\/\/www.fuldaernachrichten.de\/index.php?rest_route=\/wp\/v2\/posts\/105031\/revisions"}],"wp:attachment":[{"href":"https:\/\/www.fuldaernachrichten.de\/index.php?rest_route=%2Fwp%2Fv2%2Fmedia&parent=105031"}],"wp:term":[{"taxonomy":"category","embeddable":true,"href":"https:\/\/www.fuldaernachrichten.de\/index.php?rest_route=%2Fwp%2Fv2%2Fcategories&post=105031"},{"taxonomy":"post_tag","embeddable":true,"href":"https:\/\/www.fuldaernachrichten.de\/index.php?rest_route=%2Fwp%2Fv2%2Ftags&post=105031"}],"curies":[{"name":"wp","href":"https:\/\/api.w.org\/{rel}","templated":true}]}}