{"id":105009,"date":"2012-12-16T00:15:01","date_gmt":"2012-12-16T00:15:01","guid":{"rendered":"http:\/\/www.fuldaer-nachrichten.de\/?p=105009"},"modified":"2012-12-15T09:32:20","modified_gmt":"2012-12-15T09:32:20","slug":"damian-werner-unterstutzt-den-ausblick-mit-4-000-e","status":"publish","type":"post","link":"https:\/\/www.fuldaernachrichten.de\/?p=105009","title":{"rendered":"DAMIAN WERNER unterst\u00fctzt den aus:Blick mit 4.000 \u00e2\u201a\u00ac"},"content":{"rendered":"<p><img decoding=\"async\" class=\"alignleft size-thumbnail wp-image-105012\" title=\"Bild 2\" src=\"http:\/\/www.fuldaer-nachrichten.de\/wp-content\/uploads\/2012\/12\/Bild-2-265x175.jpg\" alt=\"\" width=\"265\" height=\"175\" srcset=\"https:\/\/www.fuldaernachrichten.de\/wp-content\/uploads\/2012\/12\/Bild-2-265x175.jpg 265w, https:\/\/www.fuldaernachrichten.de\/wp-content\/uploads\/2012\/12\/Bild-2.jpg 600w\" sizes=\"(max-width: 265px) 100vw, 265px\" \/>Fulda. Weihnachtsgeschenke f\u00fcr Gesch\u00e4ftspartner oder denjenigen helfen, die Unterst\u00fctzung ben\u00f6tigen? Vor diese \u00dcberlegung gestellt, entschied sich Christoph Werner, Gesch\u00e4ftsf\u00fchrer der DAMIAN WERNER GmbH in Kalbach, dieses Jahr dazu, das Projekt aus:Blick zu unterst\u00fctzen. Lange schon haben sich die Kinder und Jugendlichen R\u00e4ume zur Freizeitnutzung gew\u00fcnscht. Da lag die Idee nahe, vorhandene R\u00e4umlichkeiten zu renovieren und somit zur Freizeitgestaltung nutzbar zu machen.<!--more--><\/p>\n<p>Mit Arbeiten im Wert von 4.000 \u00e2\u201a\u00ac unterst\u00fctzt die DAMIAN WERNER GmbH nun dieses Vorhaben. Jugendliche aus der Arbeitsschule Startbahn halfen den Mitarbeitern dabei tatkr\u00e4ftig. Bereits im Herbst konnten sich diese Jugendlichen ein Bild von den Arbeiten an einer DAMIAN WERNER-Baustelle im Zentrum Vital am Frauenberg machen und durften unter Anleitung erste Erfahrungen im Umgang mit den notwendigen Werkzeugen sammeln.<\/p>\n<p><img decoding=\"async\" class=\"alignnone size-thumbnail wp-image-105014\" title=\"Bild 3\" src=\"http:\/\/www.fuldaer-nachrichten.de\/wp-content\/uploads\/2012\/12\/Bild-3-265x175.jpg\" alt=\"\" width=\"265\" height=\"175\" srcset=\"https:\/\/www.fuldaernachrichten.de\/wp-content\/uploads\/2012\/12\/Bild-3-265x175.jpg 265w, https:\/\/www.fuldaernachrichten.de\/wp-content\/uploads\/2012\/12\/Bild-3.jpg 600w\" sizes=\"(max-width: 265px) 100vw, 265px\" \/> <img decoding=\"async\" class=\"alignnone size-thumbnail wp-image-105013\" title=\"Bild 4\" src=\"http:\/\/www.fuldaer-nachrichten.de\/wp-content\/uploads\/2012\/12\/Bild-4-265x175.jpg\" alt=\"\" width=\"265\" height=\"175\" srcset=\"https:\/\/www.fuldaernachrichten.de\/wp-content\/uploads\/2012\/12\/Bild-4-265x175.jpg 265w, https:\/\/www.fuldaernachrichten.de\/wp-content\/uploads\/2012\/12\/Bild-4.jpg 600w\" sizes=\"(max-width: 265px) 100vw, 265px\" \/><\/p>\n<p>Nun waren sie ger\u00fcstet, um an der Baustelle aus:Blick flei\u00dfig mit anzupacken und die Ausf\u00fchrung der Malerarbeiten an W\u00e4nden und Decken, die Lackierarbeiten an T\u00fcren, T\u00fcrzargen, Fenstern und Heizk\u00f6rpern sowie den Bodenlegerarbeiten zu begleiten. \u201eDen Menschen in unserer Region zu helfen ist uns ein gro\u00dfes Anliegen, insbesondere, wenn der Weg in den Arbeitsmarkt nur unter gr\u00f6\u00dferen Anstrengungen erreicht werden kann\u201c, so Christoph Werner.<\/p>\n<p><img loading=\"lazy\" decoding=\"async\" class=\"alignnone size-thumbnail wp-image-105011\" title=\"Bild 5\" src=\"http:\/\/www.fuldaer-nachrichten.de\/wp-content\/uploads\/2012\/12\/Bild-5-265x175.jpg\" alt=\"\" width=\"265\" height=\"175\" srcset=\"https:\/\/www.fuldaernachrichten.de\/wp-content\/uploads\/2012\/12\/Bild-5-265x175.jpg 265w, https:\/\/www.fuldaernachrichten.de\/wp-content\/uploads\/2012\/12\/Bild-5.jpg 600w\" sizes=\"(max-width: 265px) 100vw, 265px\" \/> <img loading=\"lazy\" decoding=\"async\" class=\"alignnone size-thumbnail wp-image-105010\" title=\"Bild 1\" src=\"http:\/\/www.fuldaer-nachrichten.de\/wp-content\/uploads\/2012\/12\/Bild-1-265x175.jpg\" alt=\"\" width=\"265\" height=\"175\" srcset=\"https:\/\/www.fuldaernachrichten.de\/wp-content\/uploads\/2012\/12\/Bild-1-265x175.jpg 265w, https:\/\/www.fuldaernachrichten.de\/wp-content\/uploads\/2012\/12\/Bild-1.jpg 600w\" sizes=\"(max-width: 265px) 100vw, 265px\" \/><\/p>\n<p>\u201eWir danken f\u00fcr die tolle Unterst\u00fctzung und freuen uns schon jetzt, die neuen R\u00e4umlichkeiten einzuweihen\u201c, sagte Guido Witzel vom aus:Blick. Er dankte f\u00fcr die Unterst\u00fctzung mit dem Hinweis auf die wichtigen und schon lange n\u00f6tigen Renovierungsma\u00dfnahmen in den neuen Jugendr\u00e4umen.<\/p>\n<p>Kontakt zur sozialp\u00e4dagogischen Familienhilfe aus:Blick: Guido Witzel,\u00c2\u00a00661 5005942<\/p>\n","protected":false},"excerpt":{"rendered":"<div class=\"tmnf_excerpt\"><p>Fulda. Weihnachtsgeschenke f\u00fcr Gesch\u00e4ftspartner oder denjenigen helfen, die Unterst\u00fctzung ben\u00f6tigen? Vor diese \u00dcberlegung gestellt, entschied sich Christoph Werner, Gesch\u00e4ftsf\u00fchrer der DAMIAN WERNER GmbH in Kalbach, dieses Jahr dazu, das Projekt aus:Blick zu unterst\u00fctzen. Lange schon haben sich die Kinder und Jugendlichen R\u00e4ume zur Freizeitnutzung gew\u00fcnscht. Da lag die Idee nahe, vorhandene R\u00e4umlichkeiten zu renovieren und &hellip;<\/p>\n<\/div>","protected":false},"author":1,"featured_media":0,"comment_status":"closed","ping_status":"closed","sticky":false,"template":"","format":"standard","meta":{"footnotes":""},"categories":[1,29],"tags":[],"class_list":["post-105009","post","type-post","status-publish","format-standard","hentry","category-startseite","category-politik"],"_links":{"self":[{"href":"https:\/\/www.fuldaernachrichten.de\/index.php?rest_route=\/wp\/v2\/posts\/105009","targetHints":{"allow":["GET"]}}],"collection":[{"href":"https:\/\/www.fuldaernachrichten.de\/index.php?rest_route=\/wp\/v2\/posts"}],"about":[{"href":"https:\/\/www.fuldaernachrichten.de\/index.php?rest_route=\/wp\/v2\/types\/post"}],"author":[{"embeddable":true,"href":"https:\/\/www.fuldaernachrichten.de\/index.php?rest_route=\/wp\/v2\/users\/1"}],"replies":[{"embeddable":true,"href":"https:\/\/www.fuldaernachrichten.de\/index.php?rest_route=%2Fwp%2Fv2%2Fcomments&post=105009"}],"version-history":[{"count":1,"href":"https:\/\/www.fuldaernachrichten.de\/index.php?rest_route=\/wp\/v2\/posts\/105009\/revisions"}],"predecessor-version":[{"id":105015,"href":"https:\/\/www.fuldaernachrichten.de\/index.php?rest_route=\/wp\/v2\/posts\/105009\/revisions\/105015"}],"wp:attachment":[{"href":"https:\/\/www.fuldaernachrichten.de\/index.php?rest_route=%2Fwp%2Fv2%2Fmedia&parent=105009"}],"wp:term":[{"taxonomy":"category","embeddable":true,"href":"https:\/\/www.fuldaernachrichten.de\/index.php?rest_route=%2Fwp%2Fv2%2Fcategories&post=105009"},{"taxonomy":"post_tag","embeddable":true,"href":"https:\/\/www.fuldaernachrichten.de\/index.php?rest_route=%2Fwp%2Fv2%2Ftags&post=105009"}],"curies":[{"name":"wp","href":"https:\/\/api.w.org\/{rel}","templated":true}]}}