{"id":105005,"date":"2012-12-15T00:10:48","date_gmt":"2012-12-15T00:10:48","guid":{"rendered":"http:\/\/www.fuldaer-nachrichten.de\/?p=105005"},"modified":"2012-12-15T09:00:28","modified_gmt":"2012-12-15T09:00:28","slug":"schutz-des-geistigen-eigentums-stellt-innovative-unternehmen-in-hessen-vor-grose-probleme","status":"publish","type":"post","link":"https:\/\/www.fuldaernachrichten.de\/?p=105005","title":{"rendered":"Schutz des geistigen Eigentums stellt innovative Unternehmen in Hessen vor gro\u00dfe Probleme"},"content":{"rendered":"<p>Frankfurt. F\u00fcr innovative Unternehmen ist der Schutz des geistigen Eigentums zur nachhaltigen Sicherung der eigenen Wettbewerbsposition unverzichtbar. Wie eine aktuelle Umfrage der Arbeitsgemeinschaft hessischer Unternehmen zeigt, sehen jedoch 60 Prozent der innovativen Unternehmen in Hessen besondere Schwierigkeiten beim Schutz des geistigen Eigentums. Unternehmen mit weniger als f\u00fcnfzig Besch\u00e4ftigten beklagen insbesondere die zu hohen Kosten bei der Etablierung von Schutzrechten wie Patenten. Gr\u00f6\u00dfere Mittelst\u00e4ndler und Gro\u00dfunternehmen sehen hingegen die Kosten bei der gerichtlichen Durchsetzung von Schutzrechten speziell auf internationaler Ebene als Hauptproblem an. Besorgniserregend ist zudem das Ausma\u00df der Wirtschaftsspionage. Jedes vierte innovative Unternehmen in Hessen war nach eigener Auskunft bereits von Wirtschaftsspionage betroffen. <!--more--><br \/>\n\u201eDie Kosten der Etablierung und Durchsetzung von Schutzrechten sollten daher\u00c2\u00a0 gesenkt, Prozessverfahren beschleunigt und die Effektivit\u00e4t der bestehenden Schutzrechte erh\u00f6ht werden\u201c, fordert Detlev Osterloh, Federf\u00fchrer f\u00fcr den Bereich Innovation und Forschung der Arbeitsgemeinschaft hessischer Industrie- und Handelskammern. Zur Verbesserung der Situation bei kleinen und mittleren Unternehmen k\u00f6nnte auch die grunds\u00e4tzliche F\u00f6rderf\u00e4higkeit der Kosten f\u00fcr Patentanw\u00e4lte beitragen. \u201eAu\u00dferdem gelte es, kleine und mittlere Unternehmen st\u00e4rker f\u00fcr M\u00f6glichkeiten zur Abwehr von Wirtschaftsspionage zu sensibilisieren&#8221;, so Detlev Osterloh.<\/p>\n<p>Die hessischen Industrie- und Handelskammern begr\u00fc\u00dfen das ab Fr\u00fchjahr 2014 g\u00fcltige EU-Patent, das k\u00fcrzlich beschlossen wurde. \u201eDas neue EU-Patent ist eine deutliche Verbesserung f\u00fcr alle, die ein Patent anmelden wollen. Denn zum einen werden sich die Kosten f\u00fcr die Anmeldung von Patenten deutlich reduzieren. Zum anderen wird es k\u00fcnftig leichter sein, seine Rechte zum Schutz des geistigen Eigentums vor Gericht durchzusetzen&#8221;, sagte Osterloh. Der beim Europ\u00e4ischen Patentamt beantragte Ideenschutz wird ab 2014 automatisch auf die 25 teilnehmenden EU-L\u00e4nder \u00fcbertragen.<\/p>\n<p>Die Studie &#8220;Erfolgsfaktoren f\u00fcr Innovationen der hessischen Unternehmen&#8221; steht im Internet unter: <a href=\"http:\/\/www.ihk-hessen.de\/themen\/innovation_forschung\/innovationsfinanzierung\" target=\"_blank\">www.ihk-hessen.de\/themen\/innovation_forschung\/innovationsfinanzierung<\/a> zum Download zur Verf\u00fcgung.<\/p>\n","protected":false},"excerpt":{"rendered":"<div class=\"tmnf_excerpt\"><p>Frankfurt. F\u00fcr innovative Unternehmen ist der Schutz des geistigen Eigentums zur nachhaltigen Sicherung der eigenen Wettbewerbsposition unverzichtbar. Wie eine aktuelle Umfrage der Arbeitsgemeinschaft hessischer Unternehmen zeigt, sehen jedoch 60 Prozent der innovativen Unternehmen in Hessen besondere Schwierigkeiten beim Schutz des geistigen Eigentums. Unternehmen mit weniger als f\u00fcnfzig Besch\u00e4ftigten beklagen insbesondere die zu hohen Kosten bei &hellip;<\/p>\n<\/div>","protected":false},"author":1,"featured_media":0,"comment_status":"closed","ping_status":"closed","sticky":false,"template":"","format":"standard","meta":{"footnotes":""},"categories":[1,29],"tags":[],"class_list":["post-105005","post","type-post","status-publish","format-standard","hentry","category-startseite","category-politik"],"_links":{"self":[{"href":"https:\/\/www.fuldaernachrichten.de\/index.php?rest_route=\/wp\/v2\/posts\/105005","targetHints":{"allow":["GET"]}}],"collection":[{"href":"https:\/\/www.fuldaernachrichten.de\/index.php?rest_route=\/wp\/v2\/posts"}],"about":[{"href":"https:\/\/www.fuldaernachrichten.de\/index.php?rest_route=\/wp\/v2\/types\/post"}],"author":[{"embeddable":true,"href":"https:\/\/www.fuldaernachrichten.de\/index.php?rest_route=\/wp\/v2\/users\/1"}],"replies":[{"embeddable":true,"href":"https:\/\/www.fuldaernachrichten.de\/index.php?rest_route=%2Fwp%2Fv2%2Fcomments&post=105005"}],"version-history":[{"count":1,"href":"https:\/\/www.fuldaernachrichten.de\/index.php?rest_route=\/wp\/v2\/posts\/105005\/revisions"}],"predecessor-version":[{"id":105006,"href":"https:\/\/www.fuldaernachrichten.de\/index.php?rest_route=\/wp\/v2\/posts\/105005\/revisions\/105006"}],"wp:attachment":[{"href":"https:\/\/www.fuldaernachrichten.de\/index.php?rest_route=%2Fwp%2Fv2%2Fmedia&parent=105005"}],"wp:term":[{"taxonomy":"category","embeddable":true,"href":"https:\/\/www.fuldaernachrichten.de\/index.php?rest_route=%2Fwp%2Fv2%2Fcategories&post=105005"},{"taxonomy":"post_tag","embeddable":true,"href":"https:\/\/www.fuldaernachrichten.de\/index.php?rest_route=%2Fwp%2Fv2%2Ftags&post=105005"}],"curies":[{"name":"wp","href":"https:\/\/api.w.org\/{rel}","templated":true}]}}