{"id":104997,"date":"2012-12-15T00:13:51","date_gmt":"2012-12-15T00:13:51","guid":{"rendered":"http:\/\/www.fuldaer-nachrichten.de\/?p=104997"},"modified":"2012-12-15T08:54:05","modified_gmt":"2012-12-15T08:54:05","slug":"uwag-okostrom-zertifikat-fur-die-rensch-haus-gmbh","status":"publish","type":"post","link":"https:\/\/www.fuldaernachrichten.de\/?p=104997","title":{"rendered":"\u00dcWAG-\u00d6kostrom-Zertifikat f\u00fcr die RENSCH-HAUS GMBH"},"content":{"rendered":"<p><img decoding=\"async\" class=\"alignleft size-thumbnail wp-image-104998\" title=\"Pressefoto-Zertifikatu\u00cc\u02c6bergabe\" src=\"http:\/\/www.fuldaer-nachrichten.de\/wp-content\/uploads\/2012\/12\/Pressefoto-Zertifikatu\u00cc\u02c6bergabe-265x176.jpg\" alt=\"\" width=\"265\" height=\"176\" \/>Fulda. Der Gesch\u00e4ftsf\u00fchrer der RENSCH-HAUS GMBH in Uttrichshausen, Martin Rensch, nahm das \u00d6kostrom-Zertifikat der \u00dcWAG gestern pers\u00f6nlich vom Vertriebsleiter des osthessischen Energieversorgers, Dipl.-Ing. Stefan Froeb, entgegen. Der Fertighaus-Hersteller hat sich entschieden, ab dem kommenden Jahr umweltfreundliche Energie f\u00fcr den Zentralstandort in Uttrichshausen sowie f\u00fcr alle Musterh\u00e4user und Verkaufsb\u00fcros zu beziehen.<!--more--><\/p>\n<p>\u201eWir haben uns f\u00fcr \u00dcWAG-\u00d6kostrom entschieden, um einen Beitrag zum Klimaschutz zu leisten und au\u00dferdem mit gutem Beispiel f\u00fcr andere Unternehmen voranzugehen\u201c, erl\u00e4utert Martin Rensch den Entschluss seiner Firma, ab dem Jahr 2013 die CO<sub>2<\/sub>-freie Energie der \u00dcWAG zu beziehen.\u201c Insgesamt werden damit der Hauptsitz in Uttrichshausen sowie bundesweit 17 Musterh\u00e4user und 14 Verkaufsb\u00fcros mit \u00dcWAG-\u00d6kostrom versorgt. Dies umfasst einen j\u00e4hrlichen Verbrauch von \u00fcber einer Million Kilowattstunden.<\/p>\n<p>\u201eDurch die Umstellung auf den Tarif \u201e\u00dcWAG\u00d6ko\u201c verbessert die RENSCH-HAUS GMBH ihre CO<sub>2<\/sub>-Bilanzum rund 478 Tonnen im Jahr und tr\u00e4gt so zur Verminderung der klimasch\u00e4dlichen Emissionen bei. Das ist eine stattliche Menge\u201c, res\u00fcmiert \u00dcWAG-Vertriebsleiter Stefan Froeb. \u201eF\u00fcr Unternehmen ist die Umstellung auf \u00d6kostrom eine einfache M\u00f6glichkeit, etwas f\u00fcr den Klimaschutz zu tun und damit Verantwortung zu \u00fcbernehmen\u201c, so Froeb.<\/p>\n<p>\u201e\u00dcWAG\u00d6ko\u201c tr\u00e4gt das T\u00dcV S\u00dcD-Siegel f\u00fcr \u00d6kostromprodukte. Damit wird unter anderem best\u00e4tigt, dass der Strom zu 100 Prozent aus regenerativen Energien stammt.<\/p>\n","protected":false},"excerpt":{"rendered":"<div class=\"tmnf_excerpt\"><p>Fulda. Der Gesch\u00e4ftsf\u00fchrer der RENSCH-HAUS GMBH in Uttrichshausen, Martin Rensch, nahm das \u00d6kostrom-Zertifikat der \u00dcWAG gestern pers\u00f6nlich vom Vertriebsleiter des osthessischen Energieversorgers, Dipl.-Ing. Stefan Froeb, entgegen. Der Fertighaus-Hersteller hat sich entschieden, ab dem kommenden Jahr umweltfreundliche Energie f\u00fcr den Zentralstandort in Uttrichshausen sowie f\u00fcr alle Musterh\u00e4user und Verkaufsb\u00fcros zu beziehen.<\/p>\n<\/div>","protected":false},"author":1,"featured_media":0,"comment_status":"closed","ping_status":"closed","sticky":false,"template":"","format":"standard","meta":{"footnotes":""},"categories":[1],"tags":[],"class_list":["post-104997","post","type-post","status-publish","format-standard","hentry","category-startseite"],"_links":{"self":[{"href":"https:\/\/www.fuldaernachrichten.de\/index.php?rest_route=\/wp\/v2\/posts\/104997","targetHints":{"allow":["GET"]}}],"collection":[{"href":"https:\/\/www.fuldaernachrichten.de\/index.php?rest_route=\/wp\/v2\/posts"}],"about":[{"href":"https:\/\/www.fuldaernachrichten.de\/index.php?rest_route=\/wp\/v2\/types\/post"}],"author":[{"embeddable":true,"href":"https:\/\/www.fuldaernachrichten.de\/index.php?rest_route=\/wp\/v2\/users\/1"}],"replies":[{"embeddable":true,"href":"https:\/\/www.fuldaernachrichten.de\/index.php?rest_route=%2Fwp%2Fv2%2Fcomments&post=104997"}],"version-history":[{"count":0,"href":"https:\/\/www.fuldaernachrichten.de\/index.php?rest_route=\/wp\/v2\/posts\/104997\/revisions"}],"wp:attachment":[{"href":"https:\/\/www.fuldaernachrichten.de\/index.php?rest_route=%2Fwp%2Fv2%2Fmedia&parent=104997"}],"wp:term":[{"taxonomy":"category","embeddable":true,"href":"https:\/\/www.fuldaernachrichten.de\/index.php?rest_route=%2Fwp%2Fv2%2Fcategories&post=104997"},{"taxonomy":"post_tag","embeddable":true,"href":"https:\/\/www.fuldaernachrichten.de\/index.php?rest_route=%2Fwp%2Fv2%2Ftags&post=104997"}],"curies":[{"name":"wp","href":"https:\/\/api.w.org\/{rel}","templated":true}]}}