{"id":104993,"date":"2012-12-15T00:16:09","date_gmt":"2012-12-15T00:16:09","guid":{"rendered":"http:\/\/www.fuldaer-nachrichten.de\/?p=104993"},"modified":"2012-12-15T08:49:50","modified_gmt":"2012-12-15T08:49:50","slug":"schuler-der-von-galen-schule-schenkten-den-bewohnern-des-pflegestift-mediana-freude-und-besinnliches","status":"publish","type":"post","link":"https:\/\/www.fuldaernachrichten.de\/?p=104993","title":{"rendered":"Sch\u00fcler der Von-Galen-Schule schenkten den Bewohnern des Pflegestift Mediana Freude und Besinnliches"},"content":{"rendered":"<p><img decoding=\"async\" class=\"alignleft size-thumbnail wp-image-104995\" title=\"0113-30b-Konzert-VGS\" src=\"http:\/\/www.fuldaer-nachrichten.de\/wp-content\/uploads\/2012\/12\/0113-30b-Konzert-VGS-265x177.jpg\" alt=\"\" width=\"265\" height=\"177\" srcset=\"https:\/\/www.fuldaernachrichten.de\/wp-content\/uploads\/2012\/12\/0113-30b-Konzert-VGS-265x177.jpg 265w, https:\/\/www.fuldaernachrichten.de\/wp-content\/uploads\/2012\/12\/0113-30b-Konzert-VGS.jpg 592w\" sizes=\"(max-width: 265px) 100vw, 265px\" \/>Fulda. Zum ersten Mal waren Sch\u00fcler der Von-Galen-Schule aus Eichenzell zu Besuch ins Pflegestift Mediana gekommen und brachten den Bewohnern modernes und traditionelles Liedgut in ihren eigenen Interpretationen mit. Ein Bus f\u00fcr den Transfer wurde extra angemietet und gleich nach dem Unterricht ging es Richtung Fulda. Unter der Leitung von Constantin Kuhn und Markus Hofmann sangen Sch\u00fcler aus der 6. und 8. Klasse Lieder, wie \u201eLet it be\u201c von den Beatles oder \u201eDie Gedanken sind frei\u201c aus der Zeit der Franz\u00f6sischen Revolution. Gekr\u00f6nt wurden die Darbietungen durch eine A Kapella Interpretation des Weihnachtsliedes \u201eStern \u00fcber Bethlehem\u201c. Bewohner und Sch\u00fcler waren gleicherma\u00dfen anger\u00fchrt von den lebendigen Darbietungen.<!--more--><\/p>\n<p>Dieser erste Besuch kann als Initialveranstaltung f\u00fcr eine ganze Veranstaltungsreihe gesehen werden, denn die Von-Galen-Schule und das Pflegestift Mediana streben ab dem kommenden Jahr gemeinsam eine feste Lernpartnerschaft an. So k\u00f6nnten zuk\u00fcnftig neben den musikalischen Darbietungen auch kleine Theaterst\u00fccke, Kunstausstellungen oder Zeitzeugenbefragungen Themenschwerpunkte f\u00fcr Besuche der Sch\u00fcler bilden.<\/p>\n<p><img decoding=\"async\" class=\"alignleft size-thumbnail wp-image-104994\" title=\"0113-30a-Konzert-VGS\" src=\"http:\/\/www.fuldaer-nachrichten.de\/wp-content\/uploads\/2012\/12\/0113-30a-Konzert-VGS-265x177.jpg\" alt=\"\" width=\"265\" height=\"177\" srcset=\"https:\/\/www.fuldaernachrichten.de\/wp-content\/uploads\/2012\/12\/0113-30a-Konzert-VGS-265x177.jpg 265w, https:\/\/www.fuldaernachrichten.de\/wp-content\/uploads\/2012\/12\/0113-30a-Konzert-VGS.jpg 592w\" sizes=\"(max-width: 265px) 100vw, 265px\" \/>\u00c2\u00a0\u201eDie p\u00e4dagogischen Inhalte der Unterrichte erhalten durch die Partnerschaft mit dem Pflegestift neue R\u00e4ume f\u00fcr Gestaltung und Reflexion\u201c, so die stellvertretende Schulleiterin Martina Ziemann. Einrichtungsleiter Jens Czapek freut sich: \u201eF\u00fcr unsere Bewohner wirkt es stets erfrischend, wenn junge Menschen das Pflegestift Mediana besuchen. Sicher wird durch die Partnerschaft auch der Austausch zwischen Sch\u00fclern und Bewohnern gef\u00f6rdert.\u201c So sind nun alle positiv gespannt, wie sich die Kooperation in der Zukunft auswirken wird.<\/p>\n","protected":false},"excerpt":{"rendered":"<div class=\"tmnf_excerpt\"><p>Fulda. Zum ersten Mal waren Sch\u00fcler der Von-Galen-Schule aus Eichenzell zu Besuch ins Pflegestift Mediana gekommen und brachten den Bewohnern modernes und traditionelles Liedgut in ihren eigenen Interpretationen mit. Ein Bus f\u00fcr den Transfer wurde extra angemietet und gleich nach dem Unterricht ging es Richtung Fulda. Unter der Leitung von Constantin Kuhn und Markus Hofmann &hellip;<\/p>\n<\/div>","protected":false},"author":1,"featured_media":0,"comment_status":"closed","ping_status":"closed","sticky":false,"template":"","format":"standard","meta":{"footnotes":""},"categories":[1,72],"tags":[],"class_list":["post-104993","post","type-post","status-publish","format-standard","hentry","category-startseite","category-jugend"],"_links":{"self":[{"href":"https:\/\/www.fuldaernachrichten.de\/index.php?rest_route=\/wp\/v2\/posts\/104993","targetHints":{"allow":["GET"]}}],"collection":[{"href":"https:\/\/www.fuldaernachrichten.de\/index.php?rest_route=\/wp\/v2\/posts"}],"about":[{"href":"https:\/\/www.fuldaernachrichten.de\/index.php?rest_route=\/wp\/v2\/types\/post"}],"author":[{"embeddable":true,"href":"https:\/\/www.fuldaernachrichten.de\/index.php?rest_route=\/wp\/v2\/users\/1"}],"replies":[{"embeddable":true,"href":"https:\/\/www.fuldaernachrichten.de\/index.php?rest_route=%2Fwp%2Fv2%2Fcomments&post=104993"}],"version-history":[{"count":1,"href":"https:\/\/www.fuldaernachrichten.de\/index.php?rest_route=\/wp\/v2\/posts\/104993\/revisions"}],"predecessor-version":[{"id":104996,"href":"https:\/\/www.fuldaernachrichten.de\/index.php?rest_route=\/wp\/v2\/posts\/104993\/revisions\/104996"}],"wp:attachment":[{"href":"https:\/\/www.fuldaernachrichten.de\/index.php?rest_route=%2Fwp%2Fv2%2Fmedia&parent=104993"}],"wp:term":[{"taxonomy":"category","embeddable":true,"href":"https:\/\/www.fuldaernachrichten.de\/index.php?rest_route=%2Fwp%2Fv2%2Fcategories&post=104993"},{"taxonomy":"post_tag","embeddable":true,"href":"https:\/\/www.fuldaernachrichten.de\/index.php?rest_route=%2Fwp%2Fv2%2Ftags&post=104993"}],"curies":[{"name":"wp","href":"https:\/\/api.w.org\/{rel}","templated":true}]}}