{"id":104991,"date":"2012-12-15T00:11:15","date_gmt":"2012-12-15T00:11:15","guid":{"rendered":"http:\/\/www.fuldaer-nachrichten.de\/?p=104991"},"modified":"2012-12-15T08:47:39","modified_gmt":"2012-12-15T08:47:39","slug":"studiengruppe-zugewanderter-lehrerinnen-und-lehrer-auf-gutem-weg","status":"publish","type":"post","link":"https:\/\/www.fuldaernachrichten.de\/?p=104991","title":{"rendered":"Studiengruppe zugewanderter Lehrerinnen und Lehrer auf gutem Weg"},"content":{"rendered":"<p><img decoding=\"async\" class=\"alignleft size-thumbnail wp-image-104992\" title=\"2012_12_13_BesuchLehrerprojekt2_DSC0061-(2)\" src=\"http:\/\/www.fuldaer-nachrichten.de\/wp-content\/uploads\/2012\/12\/2012_12_13_BesuchLehrerprojekt2_DSC0061-2-265x175.jpg\" alt=\"\" width=\"265\" height=\"175\" srcset=\"https:\/\/www.fuldaernachrichten.de\/wp-content\/uploads\/2012\/12\/2012_12_13_BesuchLehrerprojekt2_DSC0061-2-265x175.jpg 265w, https:\/\/www.fuldaernachrichten.de\/wp-content\/uploads\/2012\/12\/2012_12_13_BesuchLehrerprojekt2_DSC0061-2.jpg 592w\" sizes=\"(max-width: 265px) 100vw, 265px\" \/>Offenbach. Die Landesbeauftragte der Hessischen Landesregierung f\u00fcr Heimatvertriebene und Sp\u00e4taussiedler, Margarete Ziegler-Raschdorf, besuchte die Studiengruppe zugewanderter Lehrerinnen und Lehrer beim Weiterbildungstr\u00e4ger Fortbildungsakademie der Wirtschaft gGmbH in Offenbach und informierte sich \u00fcber den aktuellen Stand des Projekts.<!--more--><br \/>\nAuf Initiative des Landes Hessen verfolgt die Otto Benecke Stiftung e.V. als Tr\u00e4ger des Projekts mit der Ma\u00dfnahme das Ziel, im Ausland ausgebildete und dort berufst\u00e4tige Personen f\u00fcr eine T\u00e4tigkeit im hessischen Schulsystem in einem dreizehnmonatigen Lehrgang so zu schulen, dass ihnen der Berufseinstieg erleichtert bzw. erm\u00f6glicht wird. Die im Herkunftsland studierten F\u00e4cher m\u00fcssen den in Hessen ausgewiesenen Mangelf\u00e4chern entsprechen (z.B. Mathematik, Physik, Informatik, Metall- und Elektrotechnik).<\/p>\n<p>Die Landesbeauftragte lie\u00df sich zun\u00e4chst von Herrn Lilienthal von der Fortbildungsakademie und Frau Maur sowie Frau Anheier-Peez von der Otto Benecke Stiftung \u00fcber den Stand des Projektes informieren. Danach laufe das Projekt sehr erfolgreich und zwei Teilnehmer seien bereits in den Schuldienst eingetreten. Weitere acht Teilnehmer h\u00e4tten von den Schulen\u00c2\u00a0 ein Angebot f\u00fcr eine \u00dcbernahme nach Beendigung des Kurses erhalten.<\/p>\n<p>W\u00e4hrend zweier mehrw\u00f6chiger Hospitationen h\u00e4tten die Teilnehmenden einen Einblick in das hessische Schulsystem erhalten und Unterrichtserfahrung gesammelt. In den n\u00e4chsten zwei Monaten w\u00fcrden die Pr\u00fcfungen von Professoren verschiedener hessischer Universit\u00e4ten abgenommen und die entsprechenden Modulscheine ausgestellt. Ebenso muss eine Pr\u00fcfung zur Unterrichtssprache Deutsch vor dem Amt f\u00fcr Lehrerbildung abgelegt werden. Ende Februar 2012 werde es ein Abschluss-Seminar geben, bei dem auch eine Auswertung des Kurses vorgenommen werde.<\/p>\n<p>Frau Ziegler-Raschdorf nahm sich viel Zeit f\u00fcr ein umfassendes Gespr\u00e4ch mit den Teilnehmerinnen und Teilnehmern des Kurses. Jeder Kursteilnehmer und jede Kursteilnehmerin\u00c2\u00a0 berichteten \u00fcber ihre Ausbildung im Herkunftsland und ihre Versuche, in Deutschland beruflich Fu\u00df zu fassen. Sie informierten weiterhin \u00fcber ihre Erfahrungen in der Studiengruppe in Offenbach und in den beiden Hospitationen in den Schulen. Diese Erfahrungen waren durchgehend positiv.<\/p>\n<p>Die Landesbeauftragte zeigte sich beeindruckt von den Leistungen und dem Flei\u00df der Teilnehmenden, die aus ganz Hessen kommen und zum Teil \u00fcber f\u00fcnf Stunden t\u00e4glich unterwegs sind. \u201eF\u00fcr diese Lernleistung und das Durchhalteverm\u00f6gen spreche ich Ihnen meine Wertsch\u00e4tzung und Anerkennung aus. Ich w\u00fcnsche Ihnen viel Erfolg bei den Pr\u00fcfungen und hoffe, dass viele von Ihnen in den hessischen Schulen Arbeit finden k\u00f6nnen\u201c.<\/p>\n<p>Die Landesbeauftragte dankte Herrn Lilienthal von der Fortbildungsakademie der Wirtschaft in Offenbach f\u00fcr sein Engagement und insbesondere dem Betreuer der Gruppe, Herrn Hakkakul. Die Otto Benecke Stiftung mit Frau Maur und Frau Anheier-Peez h\u00e4tten sich gro\u00dfe Verdienste beim Zustandekommen dieser Ma\u00dfnahme erworben. Ebenso dankte sie den Schulleiterinnen und Schulleitern sowie Mentoren f\u00fcr ihre Unterst\u00fctzung bei den beiden Hospitationen der Teilnehmenden.<\/p>\n<p>\u201eF\u00fcr mich als Landesbeauftragte hat dieses ma\u00dfgeschneiderte Projekt eine gro\u00dfe Bedeutung und ich habe mich intensiv und gern f\u00fcr seine Verwirklichung eingesetzt. Das Projekt zur Nachqualifizierung zugewanderter Lehrkr\u00e4fte ist ein ganz wesentlicher Schritt, die Potenziale von Sp\u00e4taussiedlerinnen und Sp\u00e4taussiedlern besser zu nutzen und weiter auszubauen. Bei der feierlichen Zeugnisausgabe Anfang des n\u00e4chsten Jahres will ich gerne wieder zu Ihnen nach Offenbach kommen\u201c, so Frau Ziegler-Raschdorf am Ende des Gespr\u00e4ches.<\/p>\n<p>Foto: Im Kreis der Studiengruppe zugewanderter Lehrerinnen und Lehrer bei der FAW in Offenbach Frau Anheier-Peez von der OBS (4.v.rechts), Frau Maur von der OBS (5.v.rechts), Frau Landesbeauftragte Ziegler-Raschdorf (6.v.rechts, Herr Hakkakul von der FAW (8.v.rechts) und Herr R\u00f6ther vom Hessischen Sozialministerium (4.v.links).<\/p>\n","protected":false},"excerpt":{"rendered":"<div class=\"tmnf_excerpt\"><p>Offenbach. Die Landesbeauftragte der Hessischen Landesregierung f\u00fcr Heimatvertriebene und Sp\u00e4taussiedler, Margarete Ziegler-Raschdorf, besuchte die Studiengruppe zugewanderter Lehrerinnen und Lehrer beim Weiterbildungstr\u00e4ger Fortbildungsakademie der Wirtschaft gGmbH in Offenbach und informierte sich \u00fcber den aktuellen Stand des Projekts.<\/p>\n<\/div>","protected":false},"author":1,"featured_media":0,"comment_status":"closed","ping_status":"closed","sticky":false,"template":"","format":"standard","meta":{"footnotes":""},"categories":[1,29],"tags":[],"class_list":["post-104991","post","type-post","status-publish","format-standard","hentry","category-startseite","category-politik"],"_links":{"self":[{"href":"https:\/\/www.fuldaernachrichten.de\/index.php?rest_route=\/wp\/v2\/posts\/104991","targetHints":{"allow":["GET"]}}],"collection":[{"href":"https:\/\/www.fuldaernachrichten.de\/index.php?rest_route=\/wp\/v2\/posts"}],"about":[{"href":"https:\/\/www.fuldaernachrichten.de\/index.php?rest_route=\/wp\/v2\/types\/post"}],"author":[{"embeddable":true,"href":"https:\/\/www.fuldaernachrichten.de\/index.php?rest_route=\/wp\/v2\/users\/1"}],"replies":[{"embeddable":true,"href":"https:\/\/www.fuldaernachrichten.de\/index.php?rest_route=%2Fwp%2Fv2%2Fcomments&post=104991"}],"version-history":[{"count":0,"href":"https:\/\/www.fuldaernachrichten.de\/index.php?rest_route=\/wp\/v2\/posts\/104991\/revisions"}],"wp:attachment":[{"href":"https:\/\/www.fuldaernachrichten.de\/index.php?rest_route=%2Fwp%2Fv2%2Fmedia&parent=104991"}],"wp:term":[{"taxonomy":"category","embeddable":true,"href":"https:\/\/www.fuldaernachrichten.de\/index.php?rest_route=%2Fwp%2Fv2%2Fcategories&post=104991"},{"taxonomy":"post_tag","embeddable":true,"href":"https:\/\/www.fuldaernachrichten.de\/index.php?rest_route=%2Fwp%2Fv2%2Ftags&post=104991"}],"curies":[{"name":"wp","href":"https:\/\/api.w.org\/{rel}","templated":true}]}}