{"id":104981,"date":"2012-12-15T00:12:07","date_gmt":"2012-12-15T00:12:07","guid":{"rendered":"http:\/\/www.fuldaer-nachrichten.de\/?p=104981"},"modified":"2012-12-15T08:29:50","modified_gmt":"2012-12-15T08:29:50","slug":"caritas-hausaufgabenhilfe-ehrte-monika-kellermann","status":"publish","type":"post","link":"https:\/\/www.fuldaernachrichten.de\/?p=104981","title":{"rendered":"Caritas-Hausaufgabenhilfe ehrte Monika Kellermann"},"content":{"rendered":"<p><strong><\/strong><img decoding=\"async\" class=\"alignleft size-thumbnail wp-image-104982\" title=\"008-RCV-HAH-Kellermann-Ehr-061212-wim\" src=\"http:\/\/www.fuldaer-nachrichten.de\/wp-content\/uploads\/2012\/12\/008-RCV-HAH-Kellermann-Ehr-061212-wim-265x180.jpg\" alt=\"\" width=\"265\" height=\"180\" srcset=\"https:\/\/www.fuldaernachrichten.de\/wp-content\/uploads\/2012\/12\/008-RCV-HAH-Kellermann-Ehr-061212-wim-265x180.jpg 265w, https:\/\/www.fuldaernachrichten.de\/wp-content\/uploads\/2012\/12\/008-RCV-HAH-Kellermann-Ehr-061212-wim.jpg 592w\" sizes=\"(max-width: 265px) 100vw, 265px\" \/>Fulda. Ohne die qualifizierte Arbeit ehrenamtlicher Frauen und M\u00e4nner g\u00e4be es die Hausaufgabenhilfe und \u2013 betreuung des Caritasverbandes f\u00fcr die Regionen Fulda und Geisa nicht. Das betonte Gesch\u00e4ftsf\u00fchrer Christian Reuter bei der Ehrung von Frau Monika Kellermann, die seit 10 Jahren in der Hausaufgabenhilfe der Caritas in der Cuno \u2013 Raabe &#8211; Schule Fulda t\u00e4tig ist. Durch einen Aufruf in der Fuldaer Zeitung sei die Geehrte einst auf die Hausaufgabenhilfe aufmerksam geworden. Aus einem Schnuppertag sei die Liebe zu den Kindern und die langj\u00e4hrige Mitarbeit entstanden, betonte der Gesch\u00e4ftsf\u00fchrer. <!--more--><\/p>\n<p>Monika Kellermann sei beliebt bei Kindern und den Kolleginnen und habe eine hilfreiche p\u00e4dagogische Hand. Auf Grund ihres langj\u00e4hrigen ehrenamtlichen Engagements erhielt sie die Ehrenurkunden mit Caritasnadel des Deutschen Caritasverbands. Gleichzeitig dankte Christian Reuter Helga Dietz f\u00fcr die ehrenamtliche Koordination der Arbeit und stellte Janina W\u00fcbbelsmann, Tel.: 0661\/2428315; <a href=\"mailto:janina.wuebbelsmann@caritas-fulda.de\">janina.wuebbelsmann@caritas-fulda.de<\/a> als hauptamtliche Ansprechpartnerin bei der Caritas vor. Sie ist auch Ansprechpartnerin f\u00fcr Interessenten f\u00fcr ehrenamtliche Mitarbeit in der Hausaufgabenhilfe und -betreuung.<\/p>\n<p>&nbsp;<\/p>\n","protected":false},"excerpt":{"rendered":"<div class=\"tmnf_excerpt\"><p>Fulda. Ohne die qualifizierte Arbeit ehrenamtlicher Frauen und M\u00e4nner g\u00e4be es die Hausaufgabenhilfe und \u2013 betreuung des Caritasverbandes f\u00fcr die Regionen Fulda und Geisa nicht. Das betonte Gesch\u00e4ftsf\u00fchrer Christian Reuter bei der Ehrung von Frau Monika Kellermann, die seit 10 Jahren in der Hausaufgabenhilfe der Caritas in der Cuno \u2013 Raabe &#8211; Schule Fulda t\u00e4tig &hellip;<\/p>\n<\/div>","protected":false},"author":1,"featured_media":0,"comment_status":"closed","ping_status":"closed","sticky":false,"template":"","format":"standard","meta":{"footnotes":""},"categories":[1,53],"tags":[],"class_list":["post-104981","post","type-post","status-publish","format-standard","hentry","category-startseite","category-bildung"],"_links":{"self":[{"href":"https:\/\/www.fuldaernachrichten.de\/index.php?rest_route=\/wp\/v2\/posts\/104981","targetHints":{"allow":["GET"]}}],"collection":[{"href":"https:\/\/www.fuldaernachrichten.de\/index.php?rest_route=\/wp\/v2\/posts"}],"about":[{"href":"https:\/\/www.fuldaernachrichten.de\/index.php?rest_route=\/wp\/v2\/types\/post"}],"author":[{"embeddable":true,"href":"https:\/\/www.fuldaernachrichten.de\/index.php?rest_route=\/wp\/v2\/users\/1"}],"replies":[{"embeddable":true,"href":"https:\/\/www.fuldaernachrichten.de\/index.php?rest_route=%2Fwp%2Fv2%2Fcomments&post=104981"}],"version-history":[{"count":0,"href":"https:\/\/www.fuldaernachrichten.de\/index.php?rest_route=\/wp\/v2\/posts\/104981\/revisions"}],"wp:attachment":[{"href":"https:\/\/www.fuldaernachrichten.de\/index.php?rest_route=%2Fwp%2Fv2%2Fmedia&parent=104981"}],"wp:term":[{"taxonomy":"category","embeddable":true,"href":"https:\/\/www.fuldaernachrichten.de\/index.php?rest_route=%2Fwp%2Fv2%2Fcategories&post=104981"},{"taxonomy":"post_tag","embeddable":true,"href":"https:\/\/www.fuldaernachrichten.de\/index.php?rest_route=%2Fwp%2Fv2%2Ftags&post=104981"}],"curies":[{"name":"wp","href":"https:\/\/api.w.org\/{rel}","templated":true}]}}