{"id":104963,"date":"2012-12-14T00:12:13","date_gmt":"2012-12-14T00:12:13","guid":{"rendered":"http:\/\/www.fuldaer-nachrichten.de\/?p=104963"},"modified":"2012-12-13T13:31:39","modified_gmt":"2012-12-13T13:31:39","slug":"auf-den-spuren-einer-grosen-frau-entdeckungsreisen-im-land-der-hl-hildegard","status":"publish","type":"post","link":"https:\/\/www.fuldaernachrichten.de\/?p=104963","title":{"rendered":"Auf den Spuren einer gro\u00dfen Frau: Entdeckungsreisen im Land der Hl. Hildegard"},"content":{"rendered":"<p><img fetchpriority=\"high\" decoding=\"async\" class=\"alignleft size-thumbnail wp-image-104964\" title=\"abtei_st_hildegard\" src=\"http:\/\/www.fuldaer-nachrichten.de\/wp-content\/uploads\/2012\/12\/abtei_st_hildegard-265x198.jpg\" alt=\"\" width=\"265\" height=\"198\" srcset=\"https:\/\/www.fuldaernachrichten.de\/wp-content\/uploads\/2012\/12\/abtei_st_hildegard-265x198.jpg 265w, https:\/\/www.fuldaernachrichten.de\/wp-content\/uploads\/2012\/12\/abtei_st_hildegard.jpg 592w\" sizes=\"(max-width: 265px) 100vw, 265px\" \/>R\u00fcdesheim am Rhein. Ein bewegtes Jahr geht zu Ende \u2013 im Zentrum die Hl. Hildegard, die in 2012 zur Kirchenlehrerin ernannt wurde. Ihre Wirkungsst\u00e4tten rund um R\u00fcdesheim am Rhein und das gegen\u00fcberliegende Bingen werden nicht nur von Pilgern aus aller Welt sondern auch von vielen Tages-Touristen, die den Rheingau besuchen, von Gruppenreisenden und Schulklassen angesteuert. Nie war das Interesse an der Mystikerin so gro\u00df wie heute. Daran wird sich wohl auch in 2013 nichts \u00e4ndern. <!--more--><\/p>\n<p>Doch es steht zu erwarten, dass der ganz gro\u00dfe Ansturm, den das Hildegard-Jahr den beiden touristischen Destinationen beschert hat, sich auf das gesamte Jahr 2013 verteilen wird. Somit d\u00fcrfte es etwas weniger turbulent an den Begegnungsst\u00e4tten zugehen. Sicher eine gute Nachricht f\u00fcr all\u00e2\u20ac\u02dc die Menschen, die auf den Spuren der Hl. Hildegard wandeln m\u00f6chten. Unter <a href=\"http:\/\/www.landderhildegard.de\">www.landderhildegard.de<\/a> finden sie viele Informationen und Tipps, die ihren Aufenthalt im Land der Hildegard spannend und entspannend zugleich machen sollen.<\/p>\n<p><strong><em>Ihr Weg soll auch unserer sein <\/em><\/strong><\/p>\n<p>In R\u00fcdesheim, wo viele Einrichtungen &#8211; von der Apotheke bis zur Schule hin &#8211; eng mit dem Namen der Hl. Hildegard verbunden sind, arbeitet man an der Ausdifferenzierung des Angebots rund um die gro\u00dfe Kirchenfrau. In der kleinen Klosterkirche in Eibingen, wo ihre Gebeine im Hildegard Schrein ruhen, kann man in die Stille abtauchen und Hildegard ganz nahe sein. In der eindrucksvollen Abtei St. Hildegard hoch oben in den R\u00fcdesheimer Weinbergen, sp\u00fcrt man den Geist der Vision\u00e4rin auf Schritt und Tritt. Ob in der Klosterkirche mit ihren imposanten Mosaiken, im Klostergarten oder im Klosterladen, wo neben vielen handgefertigten Gegenst\u00e4nden und Waren auch Dinkel-Produkte verkauft werden: die Hl. Hildegard ist allgegenw\u00e4rtig.<\/p>\n<p>Auch in der Gastronomie und der Hotellerie hat Hildegard ihre Spuren hinterlassen. Einige Gastgeber haben sich von den heilsamen Wirkungen, die z. B. verschiedenen Kr\u00e4utern nachgesagt werden, inspirieren lassen und bieten Speisen \u00c3\u00a0 la Hildegard an. Die \u201eLand der Hildegard-Gastgeber\u201c m\u00fcssen festgelegte Kriterien erf\u00fcllen und werden von den \u00f6rtlichen Tourismus-Organisationen regelm\u00e4\u00dfig \u00fcberpr\u00fcft. Auch neue Betriebe setzen auf Hildegard, so zum Beispiel das nur wenige Kilometer von R\u00fcdesheim entferne \u201eHotel Im Schulhaus\u201c in Lorch. Unter dem Motto \u201eIhr Weg soll auch unserer sein\u201c l\u00e4dt es dazu ein, auf Entdeckungsreise im Land der Hildegard zu gehen. Zwei \u00dcbernachtungen im Doppelzimmer mit Fr\u00fchst\u00fcck gibt\u00e2\u20ac\u2122s schon ab 105,- Euro. Hinzu kommen viele Extras wie zum Beispiel ein kleines Hildegard-Paket mit vielen Informationen und Original-Produkten aus der Abtei St. Hildegard.<\/p>\n<p>Einen H\u00f6hepunkt im Jahreslauf markiert das Hildegardis-Fest. Es wird regelm\u00e4\u00dfig am 17. September mit gro\u00dfem Festgottesdienst und Prozession im R\u00fcdesheimer Ortsteil Eibingen gefeiert. Wer mitfeiern m\u00f6chte, sollte sich rechtzeitig um ein Zimmer k\u00fcmmern. Die Auswahl ist gro\u00df. Sie reicht von der \u00dcbernachtung im Kloster, \u00fcber Jugendherberge, Weingut und Campingplatz bis hin zum 4-Sterne-Hotel in der R\u00fcdesheimer Altstadt.<\/p>\n<p><strong>Weitere Informationen und Buchungen unter:<\/strong> Tel. 06722 90 615 0; e-mail: <a href=\"mailto:touristinfo@ruedesheim.de\">touristinfo@ruedesheim.de<\/a>; Website: <a href=\"http:\/\/www.ruedesheim.de\">www.ruedesheim.de<\/a><\/p>\n","protected":false},"excerpt":{"rendered":"<div class=\"tmnf_excerpt\"><p>R\u00fcdesheim am Rhein. Ein bewegtes Jahr geht zu Ende \u2013 im Zentrum die Hl. Hildegard, die in 2012 zur Kirchenlehrerin ernannt wurde. Ihre Wirkungsst\u00e4tten rund um R\u00fcdesheim am Rhein und das gegen\u00fcberliegende Bingen werden nicht nur von Pilgern aus aller Welt sondern auch von vielen Tages-Touristen, die den Rheingau besuchen, von Gruppenreisenden und Schulklassen angesteuert. &hellip;<\/p>\n<\/div>","protected":false},"author":1,"featured_media":0,"comment_status":"closed","ping_status":"closed","sticky":false,"template":"","format":"standard","meta":{"footnotes":""},"categories":[1,52],"tags":[],"class_list":["post-104963","post","type-post","status-publish","format-standard","hentry","category-startseite","category-umwelt"],"_links":{"self":[{"href":"https:\/\/www.fuldaernachrichten.de\/index.php?rest_route=\/wp\/v2\/posts\/104963","targetHints":{"allow":["GET"]}}],"collection":[{"href":"https:\/\/www.fuldaernachrichten.de\/index.php?rest_route=\/wp\/v2\/posts"}],"about":[{"href":"https:\/\/www.fuldaernachrichten.de\/index.php?rest_route=\/wp\/v2\/types\/post"}],"author":[{"embeddable":true,"href":"https:\/\/www.fuldaernachrichten.de\/index.php?rest_route=\/wp\/v2\/users\/1"}],"replies":[{"embeddable":true,"href":"https:\/\/www.fuldaernachrichten.de\/index.php?rest_route=%2Fwp%2Fv2%2Fcomments&post=104963"}],"version-history":[{"count":1,"href":"https:\/\/www.fuldaernachrichten.de\/index.php?rest_route=\/wp\/v2\/posts\/104963\/revisions"}],"predecessor-version":[{"id":104965,"href":"https:\/\/www.fuldaernachrichten.de\/index.php?rest_route=\/wp\/v2\/posts\/104963\/revisions\/104965"}],"wp:attachment":[{"href":"https:\/\/www.fuldaernachrichten.de\/index.php?rest_route=%2Fwp%2Fv2%2Fmedia&parent=104963"}],"wp:term":[{"taxonomy":"category","embeddable":true,"href":"https:\/\/www.fuldaernachrichten.de\/index.php?rest_route=%2Fwp%2Fv2%2Fcategories&post=104963"},{"taxonomy":"post_tag","embeddable":true,"href":"https:\/\/www.fuldaernachrichten.de\/index.php?rest_route=%2Fwp%2Fv2%2Ftags&post=104963"}],"curies":[{"name":"wp","href":"https:\/\/api.w.org\/{rel}","templated":true}]}}