{"id":104958,"date":"2012-12-13T00:14:04","date_gmt":"2012-12-13T00:14:04","guid":{"rendered":"http:\/\/www.fuldaer-nachrichten.de\/?p=104958"},"modified":"2012-12-13T08:24:40","modified_gmt":"2012-12-13T08:24:40","slug":"mit-protest-zeigt-ersten-erfolg-gema-tarifreform-wird-vorerst-verschoben","status":"publish","type":"post","link":"https:\/\/www.fuldaernachrichten.de\/?p=104958","title":{"rendered":"MIT-Protest zeigt ersten Erfolg: GEMA-Tarifreform wird vorerst verschoben"},"content":{"rendered":"<p><strong>Fulda. <\/strong>Die Proteste gegen die Geb\u00fchrenreform der GEMA zeigten einen ersten Erfolg. Nachdem auch die Mittelstands- und Wirtschaftsvereinigung Hessen im September Bedenken gegen die neue Tarifstruktur geltend gemacht hat, habe die GEMA reagiert, erkl\u00e4rte der Landesvorsitzende der Hessischen MIT, Frank Hartmann, in Fulda. Die geplante \u00c4nderung der Tarifstruktur bei der GEMA f\u00fchre neben einer zu hohen Belastung des mittelst\u00e4ndischen Gastgewerbes auch zu einer Gef\u00e4hrdung der \u00f6rtlichen Vereinsfeste, bef\u00fcrchte die Hessische MIT.<!--more--><\/p>\n<p>Dies k\u00f6nne bei allem Verst\u00e4ndnis f\u00fcr die berechtigten Interessen der Komponisten und Interpreten nicht hingenommen werden, weil es sachlich nicht gerechtfertigt sei. Derzeit laufe ein Schiedsverfahren vor der Schiedsstelle des Deutschen Patent- und Markenamtes in M\u00fcnchen. Die GEMA hat nunmehr aufgrund der Kritik, auch von Seiten der MIT, die Reform bis zum Juli 2013 ausgesetzt. Bis dahin werde es eine Entscheidung im Schlichtungsverfahren geben. Wenn die GEMA an ihren Forderungen festhalten, m\u00fcsse man auch \u00fcber gesetzgeberische Ma\u00dfnahmen nachdenken, forderte Hartmann. Denn die GEMA d\u00fcrfe ihr Alleinvertretungsrecht nicht grenzenlos aus\u00fcben.<\/p>\n<p>&nbsp;<\/p>\n","protected":false},"excerpt":{"rendered":"<div class=\"tmnf_excerpt\"><p>Fulda. Die Proteste gegen die Geb\u00fchrenreform der GEMA zeigten einen ersten Erfolg. Nachdem auch die Mittelstands- und Wirtschaftsvereinigung Hessen im September Bedenken gegen die neue Tarifstruktur geltend gemacht hat, habe die GEMA reagiert, erkl\u00e4rte der Landesvorsitzende der Hessischen MIT, Frank Hartmann, in Fulda. Die geplante \u00c4nderung der Tarifstruktur bei der GEMA f\u00fchre neben einer zu &hellip;<\/p>\n<\/div>","protected":false},"author":1,"featured_media":0,"comment_status":"closed","ping_status":"closed","sticky":false,"template":"","format":"standard","meta":{"footnotes":""},"categories":[1,29],"tags":[],"class_list":["post-104958","post","type-post","status-publish","format-standard","hentry","category-startseite","category-politik"],"_links":{"self":[{"href":"https:\/\/www.fuldaernachrichten.de\/index.php?rest_route=\/wp\/v2\/posts\/104958","targetHints":{"allow":["GET"]}}],"collection":[{"href":"https:\/\/www.fuldaernachrichten.de\/index.php?rest_route=\/wp\/v2\/posts"}],"about":[{"href":"https:\/\/www.fuldaernachrichten.de\/index.php?rest_route=\/wp\/v2\/types\/post"}],"author":[{"embeddable":true,"href":"https:\/\/www.fuldaernachrichten.de\/index.php?rest_route=\/wp\/v2\/users\/1"}],"replies":[{"embeddable":true,"href":"https:\/\/www.fuldaernachrichten.de\/index.php?rest_route=%2Fwp%2Fv2%2Fcomments&post=104958"}],"version-history":[{"count":0,"href":"https:\/\/www.fuldaernachrichten.de\/index.php?rest_route=\/wp\/v2\/posts\/104958\/revisions"}],"wp:attachment":[{"href":"https:\/\/www.fuldaernachrichten.de\/index.php?rest_route=%2Fwp%2Fv2%2Fmedia&parent=104958"}],"wp:term":[{"taxonomy":"category","embeddable":true,"href":"https:\/\/www.fuldaernachrichten.de\/index.php?rest_route=%2Fwp%2Fv2%2Fcategories&post=104958"},{"taxonomy":"post_tag","embeddable":true,"href":"https:\/\/www.fuldaernachrichten.de\/index.php?rest_route=%2Fwp%2Fv2%2Ftags&post=104958"}],"curies":[{"name":"wp","href":"https:\/\/api.w.org\/{rel}","templated":true}]}}