{"id":104957,"date":"2012-12-13T00:11:01","date_gmt":"2012-12-13T00:11:01","guid":{"rendered":"http:\/\/www.fuldaer-nachrichten.de\/?p=104957"},"modified":"2012-12-13T08:23:36","modified_gmt":"2012-12-13T08:23:36","slug":"kindermatinee-der-musikschule-der-stadt-fulda-kinder-spielen-fur-kinder","status":"publish","type":"post","link":"https:\/\/www.fuldaernachrichten.de\/?p=104957","title":{"rendered":"Kindermatin\u00e9e der Musikschule der Stadt Fulda: \u201eKinder spielen f\u00fcr Kinder\u201c"},"content":{"rendered":"<p>Fulda (cp). \u201eKinder spielen f\u00fcr Kinder\u201c \u2013 Diese Idee liegt der Kindermatin\u00e9e zu Grunde, welche die Musikschule der Stadt Fulda Jahr f\u00fcr Jahr veranstaltet. Dass sie damit eine Menge kleiner und gro\u00dfer Musikliebhaber anspricht, zeigte sich am Besuch: Die Kapelle im Vonderau Museum war bis auf den letzten Platz gef\u00fcllt. Gab es vor dem Konzert noch ein aufgeregtes Gewimmel, wusste mit Beginn jeder kleine K\u00fcnstler ganz genau, was er zu tun hatte. So entstand ein ausgesprochen bunter Reigen an Einzeldarbietungen sowie kleineren und gr\u00f6\u00dferen Ensembles. Die j\u00fcngsten Streicher, das Ensemble Arco-Pizzi unter der Leitung von Martina Wolf, er\u00f6ffnete das Programm. Ganz erstaunlich, dass auch ganz junge Streicher, die gerade einmal drei Monate Unterricht hatten, schon in der Lage waren, dreistimmige Arrangements von bekannten Weihnachtsliedern sehr sicher zu spielen. <!--more--><br \/>\n<strong>Sch\u00f6ne T\u00f6ne<\/strong><br \/>\nEs folgten Maria Boschmann und Ilja Stehle mit ein paar sch\u00f6nen Klavierst\u00fccken. Die Zwillinge Ines und Fiona Fransen waren mit ersten Liedern \u00fcber verschiedene Tiere zu h\u00f6ren, wogegen Luca Marie Panfil mit ihrem Schneewalzer\u00c2\u00a0 und Lea Brandt mit Jingle Bells am Keyboard den Winter ank\u00fcndigten. Die Schwestern Alina und Jana Kisner lie\u00dfen unter anderem in \u201eSnooker Table\u201c Billardkugeln ganz wirklichkeits-getreu aneinander sto\u00dfen, w\u00e4hrend Vanessa Franko mit einem Klavierwalzer von Edvard Grieg eher romantischere T\u00f6ne anschlug. Daniel\u00c2\u00a0 Bretz, Luise Scheid und Tabea Gensler erz\u00e4hlten mit ihren drei Violinen vom Weihnachtsmann und Celina Risto brachte ein Scherzino von Viktor Kosenko zu Geh\u00f6r. Mit den Geschwistern Schwendich traten dann gleich drei gestandene Musiker auf die B\u00fchne und zeigten ihr K\u00f6nnen in einem Trio. Leon stieg dann mit dem \u201eHirtenjungen\u201c auch noch f\u00fcr ein St\u00fcck auf den Fl\u00fcgel um. Bekannte Ohrw\u00fcrmer aus Dvoraks \u201eSinfonie aus der neuen Welt\u201c und Jacques Offenbachs \u201eCan Can\u201c waren mit sch\u00f6nem Ton und flinker Zunge von Bela Schell auf der Trompete zu h\u00f6ren.<\/p>\n<p><strong>Wertsch\u00e4tzung f\u00fcr Basisarbeit<\/strong><br \/>\nGanz unterschiedliche Anschlagsarten beherrschte Jennifer Lorenz am Klavier. Franziska Hartwig lie\u00df in Vivaldis G-Dur Konzert die Noten auf der Violine tanzen.\u00c2\u00a0 Die schon \u201eetwas \u00e4lteren\u201c Geiger Franka Bonzel sowie Martin und Christian Carlsen spielten auf sehr \u00fcberzeugende Weise drei anspruchsvolle alte T\u00e4nze, die durchgehend polyphon gesetzt und von Zoltan Udvardy einstudiert worden waren. Danach intonierte Mike Risto souver\u00e4n einen Walzer von Chopin. Sehr fein gestaltet folgte ein Affetuoso von Georg Philipp Telemann, auf der Violine gespielt von Paula Fischer de Saa. Marietta Wenzel spielte zun\u00e4chst solo einen Tanz von Goedicke auf dem Klavier, bevor ihre Schwester Julika bei \u201eIhr Kinderlein kommet\u201c mit dem Cello dazu kam. Einen wunderbaren Schlusspunkt setzten die Kinder der Musikalischen Fr\u00fcherziehung, die \u2013 begleitet von ihrer Lehrerin Hilda Wiens die perfekt passende Frage stellten \u2013 \u201eWas bringt der Dezember?\u201c<\/p>\n<p>Die Akteure stammten aus den Klassen Maja Zirkunow, Anna Granowsky, Natalya Oldenburg, Lidia Koch, Marina Gajda, J\u00fcrgen Vautz, Jochen Fuchs, Johannes Eisenmeier sowie den bereits genannten. Es ist die Wertsch\u00e4tzung f\u00fcr diese so ungemein wichtige Basisarbeit, welche Kinder, Eltern und P\u00e4dagogen gleicherma\u00dfen gezeigt haben \u2013 um die Zukunft der Musik musste man sich am Samstag jedenfalls keine Sorgen machen.<\/p>\n","protected":false},"excerpt":{"rendered":"<div class=\"tmnf_excerpt\"><p>Fulda (cp). \u201eKinder spielen f\u00fcr Kinder\u201c \u2013 Diese Idee liegt der Kindermatin\u00e9e zu Grunde, welche die Musikschule der Stadt Fulda Jahr f\u00fcr Jahr veranstaltet. Dass sie damit eine Menge kleiner und gro\u00dfer Musikliebhaber anspricht, zeigte sich am Besuch: Die Kapelle im Vonderau Museum war bis auf den letzten Platz gef\u00fcllt. Gab es vor dem Konzert &hellip;<\/p>\n<\/div>","protected":false},"author":1,"featured_media":0,"comment_status":"closed","ping_status":"closed","sticky":false,"template":"","format":"standard","meta":{"footnotes":""},"categories":[1,44],"tags":[],"class_list":["post-104957","post","type-post","status-publish","format-standard","hentry","category-startseite","category-kultur"],"_links":{"self":[{"href":"https:\/\/www.fuldaernachrichten.de\/index.php?rest_route=\/wp\/v2\/posts\/104957","targetHints":{"allow":["GET"]}}],"collection":[{"href":"https:\/\/www.fuldaernachrichten.de\/index.php?rest_route=\/wp\/v2\/posts"}],"about":[{"href":"https:\/\/www.fuldaernachrichten.de\/index.php?rest_route=\/wp\/v2\/types\/post"}],"author":[{"embeddable":true,"href":"https:\/\/www.fuldaernachrichten.de\/index.php?rest_route=\/wp\/v2\/users\/1"}],"replies":[{"embeddable":true,"href":"https:\/\/www.fuldaernachrichten.de\/index.php?rest_route=%2Fwp%2Fv2%2Fcomments&post=104957"}],"version-history":[{"count":0,"href":"https:\/\/www.fuldaernachrichten.de\/index.php?rest_route=\/wp\/v2\/posts\/104957\/revisions"}],"wp:attachment":[{"href":"https:\/\/www.fuldaernachrichten.de\/index.php?rest_route=%2Fwp%2Fv2%2Fmedia&parent=104957"}],"wp:term":[{"taxonomy":"category","embeddable":true,"href":"https:\/\/www.fuldaernachrichten.de\/index.php?rest_route=%2Fwp%2Fv2%2Fcategories&post=104957"},{"taxonomy":"post_tag","embeddable":true,"href":"https:\/\/www.fuldaernachrichten.de\/index.php?rest_route=%2Fwp%2Fv2%2Ftags&post=104957"}],"curies":[{"name":"wp","href":"https:\/\/api.w.org\/{rel}","templated":true}]}}