{"id":104951,"date":"2012-12-13T00:12:00","date_gmt":"2012-12-13T00:12:00","guid":{"rendered":"http:\/\/www.fuldaer-nachrichten.de\/?p=104951"},"modified":"2012-12-13T08:18:25","modified_gmt":"2012-12-13T08:18:25","slug":"hochmotivierter-projektchor-65-plus-singen-tut-gut-und-gehort-einfach-dazu","status":"publish","type":"post","link":"https:\/\/www.fuldaernachrichten.de\/?p=104951","title":{"rendered":"Hochmotivierter Projektchor 65 plus:  Singen tut gut und geh\u00f6rt einfach dazu"},"content":{"rendered":"<p><strong>Fulda (cif). <\/strong>Bei einem gemeinsamen Advents-Fr\u00fchst\u00fcck erinnerten sich die Mitglieder des Caritas-Projektchores 65 plus ihrer erfolgreichen Auftritte im fast vergangenen Jahr 2012 und begannen f\u00fcr das neue Jahr Pl\u00e4ne zu schmieden. So gut wie gebucht sind sie wiederum schon f\u00fcr die musikalische Rahmengestaltung beim Festakt zur Verleihung des Elisabeth-Preises 2013. Bei der Veranstaltung im November 2012 in Stadtkirche und Marmorsaal des Stadtschlosses hatten sie mit einem abwechslungsreichen und generations\u00fcbergreifenden Programm \u2013 zeitweilig war der Chor der Marienschule mit dabei gewesen \u2013 die Veranstaltung f\u00fcr die Preistr\u00e4ger und Festg\u00e4ste gleicherma\u00dfen bereichert.<!--more--><\/p>\n<div>\n<p>Zu Beginn des Adventsfr\u00fchst\u00fccks hatte Di\u00f6zesan-Caritasdirektor Dr. Markus Juch den sangesfreudigen Seniorinnen und Senioren f\u00fcr ihr musikalisches Engagement gedankt und betont, dass der erst 2010 gegr\u00fcndete Chor nun schon bekannter und fester Bestandteil der Caritas-Aktivit\u00e4ten im Bistum Fulda sei. Der f\u00fcr Gemeindecaritas und damit auch f\u00fcr den Projektchor zust\u00e4ndige Caritas-Referent Ewald Vogel unterstrich, dass aus Sicht der Caritas die Chor-Arbeit gerne so mit der derzeitigen Leiterin Schwester Hildegard, Musiklehrerin an der Marienschule, weiter gehen k\u00f6nne. Je Auftritt trete der Chor zur Vorbereitung etwa zu acht bis zehn Proben zusammen. Der Chor sei auch grunds\u00e4tzlich immer offen f\u00fcr Seniorinnen und Senioren, die gerne singen wollten, erg\u00e4nzte Chorleiterin Schwester Hildegard. Und um in den Chor einzutreten, m\u00fcsse keiner vorsingen: \u201eWer Freude hat am Singen in Gemeinschaft ist willkommen! Das reicht als Motivation mehr als aus.\u201c (Informationen zum Chor und anstehenden Projekten k\u00f6nnen Interessierte abrufen unter Tel. 0661 \/ 2428-111 oder per E-Mail unter <a href=\"mailto:janine.altmann@caritas-fulda.de\">janine.altmann@caritas-fulda.de<\/a>.)<\/p>\n<\/div>\n","protected":false},"excerpt":{"rendered":"<div class=\"tmnf_excerpt\"><p>Fulda (cif). Bei einem gemeinsamen Advents-Fr\u00fchst\u00fcck erinnerten sich die Mitglieder des Caritas-Projektchores 65 plus ihrer erfolgreichen Auftritte im fast vergangenen Jahr 2012 und begannen f\u00fcr das neue Jahr Pl\u00e4ne zu schmieden. So gut wie gebucht sind sie wiederum schon f\u00fcr die musikalische Rahmengestaltung beim Festakt zur Verleihung des Elisabeth-Preises 2013. Bei der Veranstaltung im November &hellip;<\/p>\n<\/div>","protected":false},"author":1,"featured_media":0,"comment_status":"closed","ping_status":"closed","sticky":false,"template":"","format":"standard","meta":{"footnotes":""},"categories":[1],"tags":[],"class_list":["post-104951","post","type-post","status-publish","format-standard","hentry","category-startseite"],"_links":{"self":[{"href":"https:\/\/www.fuldaernachrichten.de\/index.php?rest_route=\/wp\/v2\/posts\/104951","targetHints":{"allow":["GET"]}}],"collection":[{"href":"https:\/\/www.fuldaernachrichten.de\/index.php?rest_route=\/wp\/v2\/posts"}],"about":[{"href":"https:\/\/www.fuldaernachrichten.de\/index.php?rest_route=\/wp\/v2\/types\/post"}],"author":[{"embeddable":true,"href":"https:\/\/www.fuldaernachrichten.de\/index.php?rest_route=\/wp\/v2\/users\/1"}],"replies":[{"embeddable":true,"href":"https:\/\/www.fuldaernachrichten.de\/index.php?rest_route=%2Fwp%2Fv2%2Fcomments&post=104951"}],"version-history":[{"count":0,"href":"https:\/\/www.fuldaernachrichten.de\/index.php?rest_route=\/wp\/v2\/posts\/104951\/revisions"}],"wp:attachment":[{"href":"https:\/\/www.fuldaernachrichten.de\/index.php?rest_route=%2Fwp%2Fv2%2Fmedia&parent=104951"}],"wp:term":[{"taxonomy":"category","embeddable":true,"href":"https:\/\/www.fuldaernachrichten.de\/index.php?rest_route=%2Fwp%2Fv2%2Fcategories&post=104951"},{"taxonomy":"post_tag","embeddable":true,"href":"https:\/\/www.fuldaernachrichten.de\/index.php?rest_route=%2Fwp%2Fv2%2Ftags&post=104951"}],"curies":[{"name":"wp","href":"https:\/\/api.w.org\/{rel}","templated":true}]}}