{"id":104940,"date":"2012-12-13T00:12:26","date_gmt":"2012-12-13T00:12:26","guid":{"rendered":"http:\/\/www.fuldaer-nachrichten.de\/?p=104940"},"modified":"2012-12-13T07:59:31","modified_gmt":"2012-12-13T07:59:31","slug":"awo-jetzt-an-neuem-standort-in-der-frankfurter-strase","status":"publish","type":"post","link":"https:\/\/www.fuldaernachrichten.de\/?p=104940","title":{"rendered":"AWO jetzt an neuem Standort in der Frankfurter Stra\u00dfe"},"content":{"rendered":"<p><strong>Fulda. <\/strong>Nach langer Suche hat der Kreisverband der Arbeiterwohlfahrt Fulda e. V. einen neuen Standort gefunden. Ab dem 1. Januar 2013 wird die AWO mit ihren Beratungsleistungen, dem Betreuungsverein und der Verwaltung in der Frankfurter Stra\u00dfe 28, 36043 Fulda angesiedelt sein. Im ersten Quartal 2013 werden auch die Jugendhilfe- und Jugendberufshilfeprojekte \u201eLohn+Brot\u201c und \u201eArtemis\u201c sowie das Arbeitsvermittlungsprojekt \u201eUnterst\u00fctzte Jobsuche mit Bewerberservice\u201c schrittweise nachfolgen.<!--more--><\/p>\n<p>\u201eDie AWO hat lange gesucht, um ausreichend gro\u00dfe Fl\u00e4chen in der richtigen Lage f\u00fcr die umfangreichen Projektaktivit\u00e4ten zu finden\u201c, f\u00fchrt Wolfram Latsch \u2013 Wirtschaftsleiter der AWO \u2013 aus. \u201eDas war nicht einfach. Wir sind froh, mit dem ehemaligen Verst\u00e4rkeramt ein Haus gefunden zu haben, das sowohl unseren Projektanforderungen Gen\u00fcge tut als auch unseren energetischen und organisatorischen Vorstellungen entspricht.\u201c<\/p>\n<p>Die AWO plant, ihre sozialen Leistungen an dem neuen Standort weiter den regionalen Anforderungen entsprechend auszubauen. Das Haus soll ein \u201eAWO-Verst\u00e4rkeramt\u201c f\u00fcr die Menschen in und um Fulda werden \u2013 ein Haus in dem wie bisher Begegnung gelebt wird und unkompliziert Hilfe und Rat zu finden ist. Noch vor Weihnachten ziehen die einzelnen Abteilungen Schritt f\u00fcr Schritt in die neuen R\u00e4umlichkeiten. Aufgrund des laufenden Umzuges wird die AWO vom 12.12. \u2013 31.12.2012 nur eingeschr\u00e4nkt erreichbar sein.<\/p>\n<p><strong>Die neue Adresse lautet:<\/strong><\/p>\n<p>AWO Kreisverband Fulda Stadt- und \u2013Land e.V.<br \/>\nFrankfurter Stra\u00dfe 28<br \/>\n36043 Fulda<br \/>\nTel: 0661 \u2013 48 00 45 \u2013 0<br \/>\nFax: 0661 \u2013 48 00 45 \u2013 21<\/p>\n<p>Busverbindung ab Stadtschloss:<\/p>\n<p>Linie 6 in Richtung Bronnzell, Haltestelle Wallweg<br \/>\nN\u00e4here Informationen sind telefonisch unter 0661\/480045-0 oder per E-Mail (<a href=\"mailto:info@awo-fulda.de\">info@awo-fulda.de<\/a>) erh\u00e4ltlich.<\/p>\n","protected":false},"excerpt":{"rendered":"<div class=\"tmnf_excerpt\"><p>Fulda. Nach langer Suche hat der Kreisverband der Arbeiterwohlfahrt Fulda e. V. einen neuen Standort gefunden. Ab dem 1. Januar 2013 wird die AWO mit ihren Beratungsleistungen, dem Betreuungsverein und der Verwaltung in der Frankfurter Stra\u00dfe 28, 36043 Fulda angesiedelt sein. Im ersten Quartal 2013 werden auch die Jugendhilfe- und Jugendberufshilfeprojekte \u201eLohn+Brot\u201c und \u201eArtemis\u201c sowie &hellip;<\/p>\n<\/div>","protected":false},"author":1,"featured_media":0,"comment_status":"closed","ping_status":"closed","sticky":false,"template":"","format":"standard","meta":{"footnotes":""},"categories":[1],"tags":[],"class_list":["post-104940","post","type-post","status-publish","format-standard","hentry","category-startseite"],"_links":{"self":[{"href":"https:\/\/www.fuldaernachrichten.de\/index.php?rest_route=\/wp\/v2\/posts\/104940","targetHints":{"allow":["GET"]}}],"collection":[{"href":"https:\/\/www.fuldaernachrichten.de\/index.php?rest_route=\/wp\/v2\/posts"}],"about":[{"href":"https:\/\/www.fuldaernachrichten.de\/index.php?rest_route=\/wp\/v2\/types\/post"}],"author":[{"embeddable":true,"href":"https:\/\/www.fuldaernachrichten.de\/index.php?rest_route=\/wp\/v2\/users\/1"}],"replies":[{"embeddable":true,"href":"https:\/\/www.fuldaernachrichten.de\/index.php?rest_route=%2Fwp%2Fv2%2Fcomments&post=104940"}],"version-history":[{"count":0,"href":"https:\/\/www.fuldaernachrichten.de\/index.php?rest_route=\/wp\/v2\/posts\/104940\/revisions"}],"wp:attachment":[{"href":"https:\/\/www.fuldaernachrichten.de\/index.php?rest_route=%2Fwp%2Fv2%2Fmedia&parent=104940"}],"wp:term":[{"taxonomy":"category","embeddable":true,"href":"https:\/\/www.fuldaernachrichten.de\/index.php?rest_route=%2Fwp%2Fv2%2Fcategories&post=104940"},{"taxonomy":"post_tag","embeddable":true,"href":"https:\/\/www.fuldaernachrichten.de\/index.php?rest_route=%2Fwp%2Fv2%2Ftags&post=104940"}],"curies":[{"name":"wp","href":"https:\/\/api.w.org\/{rel}","templated":true}]}}