{"id":104923,"date":"2012-12-12T00:15:13","date_gmt":"2012-12-12T00:15:13","guid":{"rendered":"http:\/\/www.fuldaer-nachrichten.de\/?p=104923"},"modified":"2012-12-12T06:49:42","modified_gmt":"2012-12-12T06:49:42","slug":"vernissage-artvent-2012-schuler-der-winfriedschule-prasentieren-ihre-bilder-in-der-kinderklinik","status":"publish","type":"post","link":"https:\/\/www.fuldaernachrichten.de\/?p=104923","title":{"rendered":"Vernissage ARTvent 2012 &#8211; Sch\u00fcler der Winfriedschule pr\u00e4sentieren ihre Bilder in der Kinderklinik"},"content":{"rendered":"<p><img decoding=\"async\" class=\"alignleft size-thumbnail wp-image-104926\" title=\"Prof.-Repp_Vernissage-ARTvent-2012DSC_7564\" src=\"http:\/\/www.fuldaer-nachrichten.de\/wp-content\/uploads\/2012\/12\/Prof.-Repp_Vernissage-ARTvent-2012DSC_7564-265x175.jpg\" alt=\"\" width=\"265\" height=\"175\" srcset=\"https:\/\/www.fuldaernachrichten.de\/wp-content\/uploads\/2012\/12\/Prof.-Repp_Vernissage-ARTvent-2012DSC_7564-265x175.jpg 265w, https:\/\/www.fuldaernachrichten.de\/wp-content\/uploads\/2012\/12\/Prof.-Repp_Vernissage-ARTvent-2012DSC_7564.jpg 592w\" sizes=\"(max-width: 265px) 100vw, 265px\" \/>Fulda. Die Klinik f\u00fcr Kinder- und Jugendmedizin des Klinikums Fulda er\u00f6ffnete im Rahmen einer Vernissage die Ausstellung \u201eARTvent 2012\u201c, mit Bildern von Sch\u00fclerinnen und Sch\u00fclern der Musik-Kunst-Klasse der Winfriedschule.<!--more--><strong> <\/strong><\/p>\n<p>Dietmar Pawlik, Vorstand Administration des Klinikums Fulda, begr\u00fc\u00dfte die Sch\u00fclerinnen und Sch\u00fcler der Musik-Kunst-Klasse, die ihre Werke sowie musikalische Darbietungen pr\u00e4sentierten. \u201eEs freut mich sehr zu sehen, dass Kinder mit ihrer Kreativit\u00e4t ein positives Zeichen anderen Kindern hinterlassen, die als Patienten in der Kinderklinik verweilen\u201c, so Pawlik. Auch Prof. Dr. Reinald Repp (Direktor der Klinik f\u00fcr Kinder- und Jugendmedizin) bedankte sich im Namen seines gesamten Teams bei den K\u00fcnstlern sowie dem Kunstlehrer und Initiator Werner D\u00f6ppner daf\u00fcr, dass die Werke in der Kinderklinik ausgestellt werden d\u00fcrfen und somit die R\u00e4ume versch\u00f6nern und Freude bereiten.<\/p>\n<p><img decoding=\"async\" class=\"alignnone size-thumbnail wp-image-104925\" title=\"Prof.-Repp_Vernissage-ARTvent-2012DSC_7508\" src=\"http:\/\/www.fuldaer-nachrichten.de\/wp-content\/uploads\/2012\/12\/Prof.-Repp_Vernissage-ARTvent-2012DSC_7508-265x175.jpg\" alt=\"\" width=\"265\" height=\"175\" srcset=\"https:\/\/www.fuldaernachrichten.de\/wp-content\/uploads\/2012\/12\/Prof.-Repp_Vernissage-ARTvent-2012DSC_7508-265x175.jpg 265w, https:\/\/www.fuldaernachrichten.de\/wp-content\/uploads\/2012\/12\/Prof.-Repp_Vernissage-ARTvent-2012DSC_7508.jpg 592w\" sizes=\"(max-width: 265px) 100vw, 265px\" \/> <img decoding=\"async\" class=\"alignnone size-thumbnail wp-image-104924\" title=\"Prof.-Repp_Vernissage-ARTvent-2012.DSC_7544\" src=\"http:\/\/www.fuldaer-nachrichten.de\/wp-content\/uploads\/2012\/12\/Prof.-Repp_Vernissage-ARTvent-2012.DSC_7544-265x175.jpg\" alt=\"\" width=\"265\" height=\"175\" srcset=\"https:\/\/www.fuldaernachrichten.de\/wp-content\/uploads\/2012\/12\/Prof.-Repp_Vernissage-ARTvent-2012.DSC_7544-265x175.jpg 265w, https:\/\/www.fuldaernachrichten.de\/wp-content\/uploads\/2012\/12\/Prof.-Repp_Vernissage-ARTvent-2012.DSC_7544.jpg 592w\" sizes=\"(max-width: 265px) 100vw, 265px\" \/><\/p>\n<p>Den insgesamt 15 jungen K\u00fcnstlern war die Freude \u00fcber ihre Kunstausstellung direkt im Gesicht anzusehen: Sie zeigten stolz den G\u00e4sten ihre gro\u00dfformatigen Acrylarbeiten. Mit Fantasiewesen und surrealen Landschaften setzen sie farbige Akzente und entf\u00fchren den Betrachter in traumhafte Gefilde. \u201eIch habe versucht, den Kindern die Angst vor der gro\u00dfen leeren Leinwand zu nehmen. Es war eine gro\u00dfe Herausforderung f\u00fcr die jungen Sch\u00fcler, einen Quadratmeter wei\u00dfe Fl\u00e4che zu komponieren. Dies war auch f\u00fcr mich ein erstmaliges Experiment und es sind erstaunliche Bilder entstanden\u201c, erkl\u00e4rte D\u00f6ppner. Sein Dank galt nicht nur den Sch\u00fclern, sondern auch dem Schulleiter der Winfriedschule, Oberstudiendirektor Dr. Rudolf Summa, der die Aktivit\u00e4ten der Musik-Kunst-Klasse stets unterst\u00fctze.<\/p>\n<p>Die\u00c2\u00a0 Bilder der \u201eMuKu-Klasse\u201c sind noch bis zum 14. Januar 2013 auf der Station H 22 der Kinderklinik zu besichtigen.<\/p>\n","protected":false},"excerpt":{"rendered":"<div class=\"tmnf_excerpt\"><p>Fulda. Die Klinik f\u00fcr Kinder- und Jugendmedizin des Klinikums Fulda er\u00f6ffnete im Rahmen einer Vernissage die Ausstellung \u201eARTvent 2012\u201c, mit Bildern von Sch\u00fclerinnen und Sch\u00fclern der Musik-Kunst-Klasse der Winfriedschule.<\/p>\n<\/div>","protected":false},"author":1,"featured_media":0,"comment_status":"closed","ping_status":"closed","sticky":false,"template":"","format":"standard","meta":{"footnotes":""},"categories":[1,51],"tags":[],"class_list":["post-104923","post","type-post","status-publish","format-standard","hentry","category-startseite","category-medizin"],"_links":{"self":[{"href":"https:\/\/www.fuldaernachrichten.de\/index.php?rest_route=\/wp\/v2\/posts\/104923","targetHints":{"allow":["GET"]}}],"collection":[{"href":"https:\/\/www.fuldaernachrichten.de\/index.php?rest_route=\/wp\/v2\/posts"}],"about":[{"href":"https:\/\/www.fuldaernachrichten.de\/index.php?rest_route=\/wp\/v2\/types\/post"}],"author":[{"embeddable":true,"href":"https:\/\/www.fuldaernachrichten.de\/index.php?rest_route=\/wp\/v2\/users\/1"}],"replies":[{"embeddable":true,"href":"https:\/\/www.fuldaernachrichten.de\/index.php?rest_route=%2Fwp%2Fv2%2Fcomments&post=104923"}],"version-history":[{"count":0,"href":"https:\/\/www.fuldaernachrichten.de\/index.php?rest_route=\/wp\/v2\/posts\/104923\/revisions"}],"wp:attachment":[{"href":"https:\/\/www.fuldaernachrichten.de\/index.php?rest_route=%2Fwp%2Fv2%2Fmedia&parent=104923"}],"wp:term":[{"taxonomy":"category","embeddable":true,"href":"https:\/\/www.fuldaernachrichten.de\/index.php?rest_route=%2Fwp%2Fv2%2Fcategories&post=104923"},{"taxonomy":"post_tag","embeddable":true,"href":"https:\/\/www.fuldaernachrichten.de\/index.php?rest_route=%2Fwp%2Fv2%2Ftags&post=104923"}],"curies":[{"name":"wp","href":"https:\/\/api.w.org\/{rel}","templated":true}]}}