{"id":104908,"date":"2012-12-12T00:14:36","date_gmt":"2012-12-12T00:14:36","guid":{"rendered":"http:\/\/www.fuldaer-nachrichten.de\/?p=104908"},"modified":"2012-12-12T06:38:48","modified_gmt":"2012-12-12T06:38:48","slug":"neuwahlen-annerkennung-und-reichlich-informationen-jahreshauptversammlung-der-gemeinde-feuerwehren-poppenhausen","status":"publish","type":"post","link":"https:\/\/www.fuldaernachrichten.de\/?p=104908","title":{"rendered":"Neuwahlen, Annerkennung und reichlich Informationen &#8211; Jahreshauptversammlung der Gemeinde-Feuerwehren Poppenhausen"},"content":{"rendered":"<p><strong><img fetchpriority=\"high\" decoding=\"async\" class=\"alignleft size-thumbnail wp-image-104910\" title=\"FW-JHV-2012-1\" src=\"http:\/\/www.fuldaer-nachrichten.de\/wp-content\/uploads\/2012\/12\/FW-JHV-2012-1-265x198.jpg\" alt=\"\" width=\"265\" height=\"198\" srcset=\"https:\/\/www.fuldaernachrichten.de\/wp-content\/uploads\/2012\/12\/FW-JHV-2012-1-265x198.jpg 265w, https:\/\/www.fuldaernachrichten.de\/wp-content\/uploads\/2012\/12\/FW-JHV-2012-1.jpg 592w\" sizes=\"(max-width: 265px) 100vw, 265px\" \/>Poppenhausen.<\/strong> Zur Jahreshauptversammlung 2012 der Gemeindefeuerwehren Poppenhausen konnte Gemeindebrandinspektor Georg Wehner zahlreiche Kameraden im Von-Steinr\u00fcck-Haus begr\u00fc\u00dfen. Nach dem Gedenken an die im Berichtsjahr verstorbenen Kameraden (Norbert Hornfeck, Theo K\u00f6hler u. Hubert Mihm) verlas Schriftf\u00fchrer Roland Klug das Protokoll der letztj\u00e4hrigen Versammlung.<!--more--><\/p>\n<p>Im Anschluss konnte der Gemeindebrandinspektor von zahlreichen Aktivit\u00e4ten der Einsatzabteilungen berichten. Insgesamt 18 Eins\u00e4tze \u2013 darunter auch sehr anspruchsvolle wie der Brand im Hotel Rh\u00f6n-Garden, auf dem Hof Farnlieden sowie die inzwischen immer wieder vorkommende Rettung von Paraglidern \u2013 wurden erfolgreich abgearbeitet und im Wehrf\u00fchrerausschuss nachbesprochen. Bei der Ausf\u00fchrung wurden die Wehren f\u00fcr ihr umsichtiges z\u00fcgiges und insgesamt kompetentes Handeln gelobt.<\/p>\n<p>Zahlreiche \u00dcbungen auf Orteilwehr- o. Gemeindeebene wurden durchgef\u00fchrt. Besonders spannend war die Eisrettungs\u00fcbung mit dem DLRG, die im Freischwimmbad Poppenhausen simuliert wurde. Neben diesen insgesamt 130 Einheiten wurden noch 37 Lehrg\u00e4nge auf Kreis- und Landesebene belegt.<\/p>\n<p><img decoding=\"async\" class=\"alignnone size-thumbnail wp-image-104914\" title=\"FW-JHV-2012-8\" src=\"http:\/\/www.fuldaer-nachrichten.de\/wp-content\/uploads\/2012\/12\/FW-JHV-2012-8-265x198.jpg\" alt=\"\" width=\"265\" height=\"198\" srcset=\"https:\/\/www.fuldaernachrichten.de\/wp-content\/uploads\/2012\/12\/FW-JHV-2012-8-265x198.jpg 265w, https:\/\/www.fuldaernachrichten.de\/wp-content\/uploads\/2012\/12\/FW-JHV-2012-8.jpg 592w\" sizes=\"(max-width: 265px) 100vw, 265px\" \/> <img decoding=\"async\" class=\"alignnone size-thumbnail wp-image-104912\" title=\"FW-JHV-2012-5\" src=\"http:\/\/www.fuldaer-nachrichten.de\/wp-content\/uploads\/2012\/12\/FW-JHV-2012-5-265x198.jpg\" alt=\"\" width=\"265\" height=\"198\" srcset=\"https:\/\/www.fuldaernachrichten.de\/wp-content\/uploads\/2012\/12\/FW-JHV-2012-5-265x198.jpg 265w, https:\/\/www.fuldaernachrichten.de\/wp-content\/uploads\/2012\/12\/FW-JHV-2012-5.jpg 592w\" sizes=\"(max-width: 265px) 100vw, 265px\" \/><\/p>\n<p>Besonders freute sich Georg Wehner \u00fcber die Gr\u00fcndung der Kinderfeuerwehr Poppenhausen, welche im November offiziell startete. Hier werden Kinder ab 6 Jahren einmal im Monat mit Spiel, Spa\u00df und \u00dcbung an die Themen der Feuerwehr herangef\u00fchrt. Als Betreuer stellten sich Kathrin und Andreas Hoffmann vor.<\/p>\n<p>Reichliche Informationen gab es zu aktuellen Themen wie F\u00fchrerscheinausbildung, Digitalfunk und die Fahrzeugersatzbeschaffung f\u00fcr die Wehr Abtsroda.<\/p>\n<p><img loading=\"lazy\" decoding=\"async\" class=\"alignnone size-thumbnail wp-image-104911\" title=\"FW-JHV-2012-3\" src=\"http:\/\/www.fuldaer-nachrichten.de\/wp-content\/uploads\/2012\/12\/FW-JHV-2012-3-265x198.jpg\" alt=\"\" width=\"265\" height=\"198\" srcset=\"https:\/\/www.fuldaernachrichten.de\/wp-content\/uploads\/2012\/12\/FW-JHV-2012-3-265x198.jpg 265w, https:\/\/www.fuldaernachrichten.de\/wp-content\/uploads\/2012\/12\/FW-JHV-2012-3.jpg 592w\" sizes=\"(max-width: 265px) 100vw, 265px\" \/> <img loading=\"lazy\" decoding=\"async\" class=\"alignnone size-thumbnail wp-image-104909\" title=\"FW-JHV-2012-0\" src=\"http:\/\/www.fuldaer-nachrichten.de\/wp-content\/uploads\/2012\/12\/FW-JHV-2012-0-265x198.jpg\" alt=\"\" width=\"265\" height=\"198\" srcset=\"https:\/\/www.fuldaernachrichten.de\/wp-content\/uploads\/2012\/12\/FW-JHV-2012-0-265x198.jpg 265w, https:\/\/www.fuldaernachrichten.de\/wp-content\/uploads\/2012\/12\/FW-JHV-2012-0.jpg 592w\" sizes=\"(max-width: 265px) 100vw, 265px\" \/><\/p>\n<p>Im Bereich der Jugendfeuerwehrf\u00fchrung gab es Neuwahlen. Andreas Hamm schied nach 8 Jahren als Gemeindejugendfeuerwart aus. Ihm folgt Jana Ganseforth nach, welche von den Jugendlichen gew\u00e4hlt und von der Versammlung einm\u00fctig best\u00e4tigt wurde. In seinem letzten Bericht konnte Andreas Hamm von zahlreichen Aktivit\u00e4ten, \u00dcbungen und Wettbewerben berichten. Er bedankte sich f\u00fcr die Unterst\u00fctzung w\u00e4hrend seiner Amtszeit und freute sich, dass mit finanzieller Unterst\u00fctzung der VR Genossenschaftsbank Fulda, dem Hotel Rh\u00f6n-Garden und der Gemeinde Poppenhausen neue Kapuzen-Shirts f\u00fcr die Jugendfeuerwehren angeschafft werden konnten.<\/p>\n<p>Im Nachgang der Wahlen hoben Gemeindebrandinspektor Georg Wehner und B\u00fcrgermeister Manfred Helfrich nochmals die besonderen Eigenschaften, Leistungen und Erfolge des scheidenden Gemeindejugendfeuerwehrwartes Andreas Hamm hervor.<\/p>\n<p>Nach dem Kassenbericht wurde der Gesamtvorstand von der Versammlung entlastet. Zahlreiche Kameraden wurden von Kreisbrandmeister Matthias M\u00fcller u. B\u00fcrgermeister Herr Manfred Helfrich f\u00fcr langj\u00e4hrigen aktiven Dienst (10, 20 und 30 Jahre) in den Wehren mit der Anerkennungspr\u00e4mie und einer Urkunde des Landes Hessen geehrt.<\/p>\n<p>Nach aktuellen Informationen aus dem Rathaus bedankte sich Manfred Helfrich\u00c2\u00a0 pers\u00f6nlich, im Namen der gemeindlichen Gremien und auch im Namen der B\u00fcrgerschaft f\u00fcr die wertvolle ehrenamtlich geleistete Arbeit sowie den verantwortungsvollen Umgang und effektiven Einsatz der finanziellen Mittel.<\/p>\n<p>Der B\u00fcrgermeister lobte die Einrichtung einer Kinderfeuerwehr, deren Mitglieder wie die der Jugendfeuerwehr von einer positiven Charakter- und Pers\u00f6nlichkeitsbildung profitieren. Zu den positiven Merkmalen der Pers\u00f6nlichkeitsbildung z\u00e4hlen seiner Meinung nach: P\u00fcnktlichkeit, Hilfsbereitschaft, Zuverl\u00e4ssigkeit, Ehrlichkeit, Kameradschaft, Geselligkeit und Freundschaft.<\/p>\n<p>Kreisbrandmeister Matthias M\u00fcller \u00fcberbrachte die Gr\u00fc\u00dfe des Kreisbrand-inspektors Dr. Bj\u00f6rn Steisel und gab noch einen \u00dcberblick zum aktuellen\u00c2\u00a0 Feuerwehrgeschehen im Landkreis Fulda.<\/p>\n","protected":false},"excerpt":{"rendered":"<div class=\"tmnf_excerpt\"><p>Poppenhausen. Zur Jahreshauptversammlung 2012 der Gemeindefeuerwehren Poppenhausen konnte Gemeindebrandinspektor Georg Wehner zahlreiche Kameraden im Von-Steinr\u00fcck-Haus begr\u00fc\u00dfen. Nach dem Gedenken an die im Berichtsjahr verstorbenen Kameraden (Norbert Hornfeck, Theo K\u00f6hler u. Hubert Mihm) verlas Schriftf\u00fchrer Roland Klug das Protokoll der letztj\u00e4hrigen Versammlung.<\/p>\n<\/div>","protected":false},"author":1,"featured_media":0,"comment_status":"closed","ping_status":"closed","sticky":false,"template":"","format":"standard","meta":{"footnotes":""},"categories":[1],"tags":[],"class_list":["post-104908","post","type-post","status-publish","format-standard","hentry","category-startseite"],"_links":{"self":[{"href":"https:\/\/www.fuldaernachrichten.de\/index.php?rest_route=\/wp\/v2\/posts\/104908","targetHints":{"allow":["GET"]}}],"collection":[{"href":"https:\/\/www.fuldaernachrichten.de\/index.php?rest_route=\/wp\/v2\/posts"}],"about":[{"href":"https:\/\/www.fuldaernachrichten.de\/index.php?rest_route=\/wp\/v2\/types\/post"}],"author":[{"embeddable":true,"href":"https:\/\/www.fuldaernachrichten.de\/index.php?rest_route=\/wp\/v2\/users\/1"}],"replies":[{"embeddable":true,"href":"https:\/\/www.fuldaernachrichten.de\/index.php?rest_route=%2Fwp%2Fv2%2Fcomments&post=104908"}],"version-history":[{"count":0,"href":"https:\/\/www.fuldaernachrichten.de\/index.php?rest_route=\/wp\/v2\/posts\/104908\/revisions"}],"wp:attachment":[{"href":"https:\/\/www.fuldaernachrichten.de\/index.php?rest_route=%2Fwp%2Fv2%2Fmedia&parent=104908"}],"wp:term":[{"taxonomy":"category","embeddable":true,"href":"https:\/\/www.fuldaernachrichten.de\/index.php?rest_route=%2Fwp%2Fv2%2Fcategories&post=104908"},{"taxonomy":"post_tag","embeddable":true,"href":"https:\/\/www.fuldaernachrichten.de\/index.php?rest_route=%2Fwp%2Fv2%2Ftags&post=104908"}],"curies":[{"name":"wp","href":"https:\/\/api.w.org\/{rel}","templated":true}]}}