{"id":104855,"date":"2012-12-11T00:12:44","date_gmt":"2012-12-11T00:12:44","guid":{"rendered":"http:\/\/www.fuldaer-nachrichten.de\/?p=104855"},"modified":"2012-12-11T06:11:07","modified_gmt":"2012-12-11T06:11:07","slug":"caritas-bietet-auch-2013-attraktive-freizeiten-speziell-fur-altere-menschen","status":"publish","type":"post","link":"https:\/\/www.fuldaernachrichten.de\/?p=104855","title":{"rendered":"Caritas bietet auch 2013 attraktive Freizeiten speziell f\u00fcr \u00e4ltere Menschen"},"content":{"rendered":"<p><strong><img fetchpriority=\"high\" decoding=\"async\" class=\"alignleft size-thumbnail wp-image-104856\" title=\"Seniorenfreizeit-2013-Titel\" src=\"http:\/\/www.fuldaer-nachrichten.de\/wp-content\/uploads\/2012\/12\/Seniorenfreizeit-2013-Titel-265x370.jpg\" alt=\"\" width=\"265\" height=\"370\" srcset=\"https:\/\/www.fuldaernachrichten.de\/wp-content\/uploads\/2012\/12\/Seniorenfreizeit-2013-Titel-265x370.jpg 265w, https:\/\/www.fuldaernachrichten.de\/wp-content\/uploads\/2012\/12\/Seniorenfreizeit-2013-Titel-189x265.jpg 189w, https:\/\/www.fuldaernachrichten.de\/wp-content\/uploads\/2012\/12\/Seniorenfreizeit-2013-Titel.jpg 399w\" sizes=\"(max-width: 265px) 100vw, 265px\" \/>Fulda (cif). <\/strong>Das neue Jahresprogramm 2013 der Caritas-Seniorenreisen liegt vor und ist ab sofort erh\u00e4ltlich. Interessierte erhalten es kostenlos und unverbindlich beim Caritasverband f\u00fcr die Di\u00f6zese Fulda (Tel.0661 \/ 2428-131 oder per E-Mail unter <a href=\"mailto:monika.kuhnke@caritas-fulda.de\">monika.kuhnke@caritas-fulda.de<\/a>). Auch online unter <a href=\"http:\/\/www.caritas-fulda.de\">www.caritas-fulda.de<\/a> sind alle Reisen ausf\u00fchrlich beschrieben.<!--more--><\/p>\n<p>Hier ein kleiner \u00dcberblick: Die Saison 2013 beginnt im April mit einer Reise zum Meer: Scharbeutz-Haffkrug bietet frische Ostseeluft bei stimmungsvollen\u00c2\u00a0 Strandspazierg\u00e4ngen. \u00c2\u00a0Odenwald, Vogelsberg und Teutoburger Wald sind die Ziele der Fr\u00fchjahrsreisen. Der Sommer bietet dann Aufenthalte in der L\u00fcneburger Heide, in der Rh\u00f6n, im Schwarzwald oder in Bad F\u00fcssing im Niederbayrischen.<\/p>\n<p>Bayern bleibt dann erst einmal Ziel im Sp\u00e4tsommer und Herbst: Auf dem Programm stehen n\u00e4mlich der Tegernsee und die Bayerische Rh\u00f6n, bevor es zum Saisonende nochmals in die Hessische Rh\u00f6n und erneut an die Ostsee \u2013 diesmal aber nach Boltenhagen geht.<\/p>\n<div>\n<p>Alle Reiseziele der Caritas-Seniorenreisen haben ihren besonderen Reiz und bieten sich f\u00fcr jeden \u00e4lteren Menschen an, der gerne in Gemeinschaft von Gleichgesinnten ein paar Tage verbringen m\u00f6chte. Zudem wurde bei der Auswahl der H\u00e4user ebenfalls darauf geachtet, dass sie den Bedarfen und den Interessenslagen \u00e4lterer Menschen entsprechen.<\/p>\n<\/div>\n","protected":false},"excerpt":{"rendered":"<div class=\"tmnf_excerpt\"><p>Fulda (cif). Das neue Jahresprogramm 2013 der Caritas-Seniorenreisen liegt vor und ist ab sofort erh\u00e4ltlich. Interessierte erhalten es kostenlos und unverbindlich beim Caritasverband f\u00fcr die Di\u00f6zese Fulda (Tel.0661 \/ 2428-131 oder per E-Mail unter monika.kuhnke@caritas-fulda.de). Auch online unter www.caritas-fulda.de sind alle Reisen ausf\u00fchrlich beschrieben.<\/p>\n<\/div>","protected":false},"author":1,"featured_media":0,"comment_status":"closed","ping_status":"closed","sticky":false,"template":"","format":"standard","meta":{"footnotes":""},"categories":[1,52],"tags":[],"class_list":["post-104855","post","type-post","status-publish","format-standard","hentry","category-startseite","category-umwelt"],"_links":{"self":[{"href":"https:\/\/www.fuldaernachrichten.de\/index.php?rest_route=\/wp\/v2\/posts\/104855","targetHints":{"allow":["GET"]}}],"collection":[{"href":"https:\/\/www.fuldaernachrichten.de\/index.php?rest_route=\/wp\/v2\/posts"}],"about":[{"href":"https:\/\/www.fuldaernachrichten.de\/index.php?rest_route=\/wp\/v2\/types\/post"}],"author":[{"embeddable":true,"href":"https:\/\/www.fuldaernachrichten.de\/index.php?rest_route=\/wp\/v2\/users\/1"}],"replies":[{"embeddable":true,"href":"https:\/\/www.fuldaernachrichten.de\/index.php?rest_route=%2Fwp%2Fv2%2Fcomments&post=104855"}],"version-history":[{"count":0,"href":"https:\/\/www.fuldaernachrichten.de\/index.php?rest_route=\/wp\/v2\/posts\/104855\/revisions"}],"wp:attachment":[{"href":"https:\/\/www.fuldaernachrichten.de\/index.php?rest_route=%2Fwp%2Fv2%2Fmedia&parent=104855"}],"wp:term":[{"taxonomy":"category","embeddable":true,"href":"https:\/\/www.fuldaernachrichten.de\/index.php?rest_route=%2Fwp%2Fv2%2Fcategories&post=104855"},{"taxonomy":"post_tag","embeddable":true,"href":"https:\/\/www.fuldaernachrichten.de\/index.php?rest_route=%2Fwp%2Fv2%2Ftags&post=104855"}],"curies":[{"name":"wp","href":"https:\/\/api.w.org\/{rel}","templated":true}]}}