{"id":104849,"date":"2012-12-11T00:10:22","date_gmt":"2012-12-11T00:10:22","guid":{"rendered":"http:\/\/www.fuldaer-nachrichten.de\/?p=104849"},"modified":"2012-12-11T06:06:16","modified_gmt":"2012-12-11T06:06:16","slug":"pflegestutzpunkt-unterstutzte-initiativen-bei-der-darstellung-ihrer-wichtigen-angebote","status":"publish","type":"post","link":"https:\/\/www.fuldaernachrichten.de\/?p=104849","title":{"rendered":"Pflegest\u00fctzpunkt unterst\u00fctzte Initiativen bei der Darstellung ihrer wichtigen Angebote"},"content":{"rendered":"<p><img decoding=\"async\" class=\"alignleft size-thumbnail wp-image-104850\" title=\"atte696f\" src=\"http:\/\/www.fuldaer-nachrichten.de\/wp-content\/uploads\/2012\/12\/atte696f-265x160.jpg\" alt=\"\" width=\"265\" height=\"160\" srcset=\"https:\/\/www.fuldaernachrichten.de\/wp-content\/uploads\/2012\/12\/atte696f-265x160.jpg 265w, https:\/\/www.fuldaernachrichten.de\/wp-content\/uploads\/2012\/12\/atte696f.jpg 512w\" sizes=\"(max-width: 265px) 100vw, 265px\" \/>Vogelsbergkreis. Selbsthilfegruppen, Nachbarschafts- und Seniorenhilfen sowie die Pflegebegleitung stellten ihre Arbeit mit Unterst\u00fctzung des Pflegest\u00fctzpunktes Vogelsbergkreis und dem B\u00fcndnis f\u00fcr Familie w\u00e4hrend der Herbstmesse in Alsfeld der \u00d6ffentlichkeit vor. Dies teilt die Kreispressestelle mit.<br \/>\n<!--more--><br \/>\nDie Idee zu dieser gemeinsamen Aktion resultiert aus den regelm\u00e4\u00dfigen Treffen des Pflegest\u00fctzpunkts mit den Ehrenamtlichen. Die Initiativgruppen hatten den Wunsch ge\u00e4u\u00dfert, ihre T\u00e4tigkeiten vorzustellen, berichtet Monique Abel vom Pflegest\u00fctzpunkt.<\/p>\n<p>Ziel war es, gemeinsam die Vielfalt ehrenamtlicher Hilfs- und Unterst\u00fctzungsangebote vorzustellen. Die Fachleute berichten von einem hohen Interesse bei den Besucherinnen und Besuchern. Die Organisation des Messestandes erfolgte durch den Pflegest\u00fctzpunkt unter Beteiligung der Ehrenamtlichen.<\/p>\n<p>Der Messestand machte die Vielfalt der Initiativen deutlich: 35 Selbsthilfegruppen besch\u00e4ftigen sich mit 19 Themen &#8211; A wie Alzheimer \u00fcber O wie Osteoporose bis T wie Trauer. Sieben Nachbarschafts- und Seniorenhilfen die beispielsweise\u00c2\u00a0 bei Alltagsproblemen oder in Notsituationen Familien vor Ort unterst\u00fctzen, Pflegebegleitung bieten pflegenden Angeh\u00f6rigen Zeit f\u00fcr Gespr\u00e4che, hebt Sachgebietsleiter Hans Dieter Herget aus dem Amt f\u00fcr Soziale Sicherung in der Kreisverwaltung hervor.<\/p>\n<p>Ein Faltblatt mit einer \u00dcbersicht der der Kontaktdaten zu den ehrenamtlichen Angeboten k\u00f6nnen \u00fcber den Pflegest\u00fctzpunkt unter Telefon 06641\/977-2091 bezogen werden. E-Mail: pflegest\u00fctzpunkt@vogelsbergkreis.de. Weitere n\u00fctzliche Informationen gibt es hier: <a href=\"http:\/\/www.pflegestuetzpunkt-vogelsbergkreis.de\" target=\"_blank\">www.pflegestuetzpunkt-vogelsbergkreis.de<\/a><\/p>\n<p>&nbsp;<\/p>\n","protected":false},"excerpt":{"rendered":"<div class=\"tmnf_excerpt\"><p>Vogelsbergkreis. Selbsthilfegruppen, Nachbarschafts- und Seniorenhilfen sowie die Pflegebegleitung stellten ihre Arbeit mit Unterst\u00fctzung des Pflegest\u00fctzpunktes Vogelsbergkreis und dem B\u00fcndnis f\u00fcr Familie w\u00e4hrend der Herbstmesse in Alsfeld der \u00d6ffentlichkeit vor. Dies teilt die Kreispressestelle mit.<\/p>\n<\/div>","protected":false},"author":1,"featured_media":0,"comment_status":"closed","ping_status":"closed","sticky":false,"template":"","format":"standard","meta":{"footnotes":""},"categories":[1],"tags":[],"class_list":["post-104849","post","type-post","status-publish","format-standard","hentry","category-startseite"],"_links":{"self":[{"href":"https:\/\/www.fuldaernachrichten.de\/index.php?rest_route=\/wp\/v2\/posts\/104849","targetHints":{"allow":["GET"]}}],"collection":[{"href":"https:\/\/www.fuldaernachrichten.de\/index.php?rest_route=\/wp\/v2\/posts"}],"about":[{"href":"https:\/\/www.fuldaernachrichten.de\/index.php?rest_route=\/wp\/v2\/types\/post"}],"author":[{"embeddable":true,"href":"https:\/\/www.fuldaernachrichten.de\/index.php?rest_route=\/wp\/v2\/users\/1"}],"replies":[{"embeddable":true,"href":"https:\/\/www.fuldaernachrichten.de\/index.php?rest_route=%2Fwp%2Fv2%2Fcomments&post=104849"}],"version-history":[{"count":0,"href":"https:\/\/www.fuldaernachrichten.de\/index.php?rest_route=\/wp\/v2\/posts\/104849\/revisions"}],"wp:attachment":[{"href":"https:\/\/www.fuldaernachrichten.de\/index.php?rest_route=%2Fwp%2Fv2%2Fmedia&parent=104849"}],"wp:term":[{"taxonomy":"category","embeddable":true,"href":"https:\/\/www.fuldaernachrichten.de\/index.php?rest_route=%2Fwp%2Fv2%2Fcategories&post=104849"},{"taxonomy":"post_tag","embeddable":true,"href":"https:\/\/www.fuldaernachrichten.de\/index.php?rest_route=%2Fwp%2Fv2%2Ftags&post=104849"}],"curies":[{"name":"wp","href":"https:\/\/api.w.org\/{rel}","templated":true}]}}